{"id":25058,"date":"2026-08-14T22:26:26","date_gmt":"2026-08-14T22:26:26","guid":{"rendered":"https:\/\/www.sleepinggiantbelize.com\/2026\/08\/14\/setembro-em-belize-seu-guia-completo-de-celebracoes-carnaval-e-o-mes-da-independencia\/"},"modified":"2026-08-14T22:30:35","modified_gmt":"2026-08-14T22:30:35","slug":"setembro-em-belize-seu-guia-completo-de-celebracoes-carnaval-e-o-mes-da-independencia","status":"publish","type":"post","link":"https:\/\/www.sleepinggiantbelize.com\/pt-br\/2026\/08\/14\/setembro-em-belize-seu-guia-completo-de-celebracoes-carnaval-e-o-mes-da-independencia\/","title":{"rendered":"Setembro em Belize: Seu Guia Completo de Celebra\u00e7\u00f5es, Carnaval e o M\u00eas da Independ\u00eancia"},"content":{"rendered":"\t\t<div data-elementor-type=\"wp-post\" data-elementor-id=\"25058\" class=\"elementor elementor-25058 elementor-25039\" data-elementor-post-type=\"post\">\n\t\t\t\t\t\t<section class=\"elementor-section elementor-top-section elementor-element elementor-element-d0038ab elementor-section-full_width elementor-section-height-full elementor-hidden-mobile elementor-section-height-default elementor-section-items-middle\" data-id=\"d0038ab\" data-element_type=\"section\" data-e-type=\"section\" data-settings=\"{&quot;jet_parallax_layout_list&quot;:[{&quot;jet_parallax_layout_image&quot;:{&quot;url&quot;:&quot;&quot;,&quot;id&quot;:&quot;&quot;,&quot;size&quot;:&quot;&quot;},&quot;_id&quot;:&quot;bbbbf4e&quot;,&quot;jet_parallax_layout_image_tablet&quot;:{&quot;url&quot;:&quot;&quot;,&quot;id&quot;:&quot;&quot;,&quot;size&quot;:&quot;&quot;},&quot;jet_parallax_layout_image_mobile&quot;:{&quot;url&quot;:&quot;&quot;,&quot;id&quot;:&quot;&quot;,&quot;size&quot;:&quot;&quot;},&quot;jet_parallax_layout_speed&quot;:{&quot;unit&quot;:&quot;%&quot;,&quot;size&quot;:50,&quot;sizes&quot;:[]},&quot;jet_parallax_layout_type&quot;:&quot;scroll&quot;,&quot;jet_parallax_layout_direction&quot;:&quot;1&quot;,&quot;jet_parallax_layout_fx_direction&quot;:null,&quot;jet_parallax_layout_z_index&quot;:&quot;&quot;,&quot;jet_parallax_layout_bg_x&quot;:50,&quot;jet_parallax_layout_bg_x_tablet&quot;:&quot;&quot;,&quot;jet_parallax_layout_bg_x_mobile&quot;:&quot;&quot;,&quot;jet_parallax_layout_bg_y&quot;:50,&quot;jet_parallax_layout_bg_y_tablet&quot;:&quot;&quot;,&quot;jet_parallax_layout_bg_y_mobile&quot;:&quot;&quot;,&quot;jet_parallax_layout_bg_size&quot;:&quot;auto&quot;,&quot;jet_parallax_layout_bg_size_tablet&quot;:&quot;&quot;,&quot;jet_parallax_layout_bg_size_mobile&quot;:&quot;&quot;,&quot;jet_parallax_layout_animation_prop&quot;:&quot;transform&quot;,&quot;jet_parallax_layout_on&quot;:[&quot;desktop&quot;,&quot;tablet&quot;]}],&quot;background_background&quot;:&quot;classic&quot;}\">\n\t\t\t\t\t\t\t<div class=\"elementor-background-overlay\"><\/div>\n\t\t\t\t\t\t\t<div class=\"elementor-container elementor-column-gap-default\">\n\t\t\t\t\t<div class=\"elementor-column elementor-col-100 elementor-top-column elementor-element elementor-element-587e492\" data-id=\"587e492\" data-element_type=\"column\" data-e-type=\"column\">\n\t\t\t<div class=\"elementor-widget-wrap\">\n\t\t\t\t\t\t\t<\/div>\n\t\t<\/div>\n\t\t\t\t\t<\/div>\n\t\t<\/section>\n\t\t\t\t<section class=\"elementor-section elementor-top-section elementor-element elementor-element-9873476 elementor-section-full_width elementor-section-height-full elementor-hidden-desktop elementor-hidden-tablet elementor-section-height-default elementor-section-items-middle\" data-id=\"9873476\" data-element_type=\"section\" data-e-type=\"section\" data-settings=\"{&quot;jet_parallax_layout_list&quot;:[{&quot;jet_parallax_layout_image&quot;:{&quot;url&quot;:&quot;&quot;,&quot;id&quot;:&quot;&quot;,&quot;size&quot;:&quot;&quot;},&quot;_id&quot;:&quot;bbbbf4e&quot;,&quot;jet_parallax_layout_image_tablet&quot;:{&quot;url&quot;:&quot;&quot;,&quot;id&quot;:&quot;&quot;,&quot;size&quot;:&quot;&quot;},&quot;jet_parallax_layout_image_mobile&quot;:{&quot;url&quot;:&quot;&quot;,&quot;id&quot;:&quot;&quot;,&quot;size&quot;:&quot;&quot;},&quot;jet_parallax_layout_speed&quot;:{&quot;unit&quot;:&quot;%&quot;,&quot;size&quot;:50,&quot;sizes&quot;:[]},&quot;jet_parallax_layout_type&quot;:&quot;scroll&quot;,&quot;jet_parallax_layout_direction&quot;:&quot;1&quot;,&quot;jet_parallax_layout_fx_direction&quot;:null,&quot;jet_parallax_layout_z_index&quot;:&quot;&quot;,&quot;jet_parallax_layout_bg_x&quot;:50,&quot;jet_parallax_layout_bg_x_tablet&quot;:&quot;&quot;,&quot;jet_parallax_layout_bg_x_mobile&quot;:&quot;&quot;,&quot;jet_parallax_layout_bg_y&quot;:50,&quot;jet_parallax_layout_bg_y_tablet&quot;:&quot;&quot;,&quot;jet_parallax_layout_bg_y_mobile&quot;:&quot;&quot;,&quot;jet_parallax_layout_bg_size&quot;:&quot;auto&quot;,&quot;jet_parallax_layout_bg_size_tablet&quot;:&quot;&quot;,&quot;jet_parallax_layout_bg_size_mobile&quot;:&quot;&quot;,&quot;jet_parallax_layout_animation_prop&quot;:&quot;transform&quot;,&quot;jet_parallax_layout_on&quot;:[&quot;desktop&quot;,&quot;tablet&quot;]}],&quot;background_background&quot;:&quot;classic&quot;}\">\n\t\t\t\t\t\t<div class=\"elementor-container elementor-column-gap-default\">\n\t\t\t\t\t<div class=\"elementor-column elementor-col-100 elementor-top-column elementor-element elementor-element-9482eb8\" data-id=\"9482eb8\" data-element_type=\"column\" data-e-type=\"column\">\n\t\t\t<div class=\"elementor-widget-wrap elementor-element-populated\">\n\t\t\t\t\t\t<div class=\"elementor-element elementor-element-f61663e elementor-widget elementor-widget-spacer\" data-id=\"f61663e\" data-element_type=\"widget\" data-e-type=\"widget\" data-widget_type=\"spacer.default\">\n\t\t\t\t<div class=\"elementor-widget-container\">\n\t\t\t\t\t\t\t<div class=\"elementor-spacer\">\n\t\t\t<div class=\"elementor-spacer-inner\"><\/div>\n\t\t<\/div>\n\t\t\t\t\t\t<\/div>\n\t\t\t\t<\/div>\n\t\t\t\t\t<\/div>\n\t\t<\/div>\n\t\t\t\t\t<\/div>\n\t\t<\/section>\n\t\t<div class=\"elementor-element elementor-element-f3be5a9 e-flex e-con-boxed e-con e-parent\" data-id=\"f3be5a9\" data-element_type=\"container\" data-e-type=\"container\" data-settings=\"{&quot;jet_parallax_layout_list&quot;:[]}\">\n\t\t\t\t\t<div class=\"e-con-inner\">\n\t\t\t\t<div class=\"elementor-element elementor-element-553de64 elementor-widget elementor-widget-heading\" data-id=\"553de64\" data-element_type=\"widget\" data-e-type=\"widget\" data-widget_type=\"heading.default\">\n\t\t\t\t<div class=\"elementor-widget-container\">\n\t\t\t\t\t<h2 class=\"elementor-heading-title elementor-size-default\">Setembro em Belize: Seu Guia Completo de Celebra\u00e7\u00f5es, Carnaval e o M\u00eas da Independ\u00eancia\n<\/h2>\t\t\t\t<\/div>\n\t\t\t\t<\/div>\n\t\t\t\t\t<\/div>\n\t\t\t\t<\/div>\n\t\t<div class=\"elementor-element elementor-element-8de428a e-flex e-con-boxed e-con e-parent\" data-id=\"8de428a\" data-element_type=\"container\" data-e-type=\"container\" data-settings=\"{&quot;jet_parallax_layout_list&quot;:[]}\">\n\t\t\t\t\t<div class=\"e-con-inner\">\n\t\t<div class=\"elementor-element elementor-element-d8d31a1 e-con-full e-flex e-con e-child\" data-id=\"d8d31a1\" data-element_type=\"container\" data-e-type=\"container\" data-settings=\"{&quot;jet_parallax_layout_list&quot;:[]}\">\n\t\t\t\t<div class=\"elementor-element elementor-element-ce0836f elementor-widget__width-initial elementor-widget elementor-widget-text-editor\" data-id=\"ce0836f\" data-element_type=\"widget\" data-e-type=\"widget\" data-widget_type=\"text-editor.default\">\n\t\t\t\t<div class=\"elementor-widget-container\">\n\t\t\t\t\t\t\t\t\t<p><span style=\"font-weight: 400;\">Se existe um m\u00eas que captura o cora\u00e7\u00e3o e a alma de Belize, esse m\u00eas \u00e9 setembro. Embora muitos viajantes associem Belize a \u00e1guas azul-turquesa, templos maias antigos e florestas tropicais exuberantes, setembro revela outro lado do pa\u00eds: um lado repleto de m\u00fasica, patriotismo, desfiles coloridos, tradi\u00e7\u00f5es culturais e comunidades que se unem para celebrar o que significa ser belizenho.  <\/span><span style=\"font-weight: 400;\"><br><\/span><span style=\"font-weight: 400;\"><br><\/span><span style=\"font-weight: 400;\"> Por todo o pa\u00eds, as ruas s\u00e3o decoradas em vermelho, branco e azul. O som dos tambores ecoa por vilas e cidades, bandeiras acenam orgulhosamente em casas e estabelecimentos comerciais, e as fam\u00edlias se re\u00fanem para celebrar dois dos feriados mais importantes da na\u00e7\u00e3o. <\/span><span style=\"font-weight: 400;\"><br><\/span><span style=\"font-weight: 400;\"><br><\/span><span style=\"font-weight: 400;\"> Para os visitantes, \u00e9 uma das \u00e9pocas mais emocionantes do ano para vivenciar Belize al\u00e9m de suas paisagens deslumbrantes. \u00c9 uma oportunidade de mergulhar nas tradi\u00e7\u00f5es locais, conhecer comunidades acolhedoras, desfrutar de festivais animados e testemunhar o orgulho que define este pa\u00eds not\u00e1vel. <\/span><span style=\"font-weight: 400;\"><br><\/span><span style=\"font-weight: 400;\"><br><\/span><span style=\"font-weight: 400;\">Esteja voc\u00ea explorando a floresta tropical, relaxando \u00e0 beira do Mar do Caribe ou participando das festividades, setembro oferece f\u00e9rias diferentes de qualquer outra.<\/span><\/p>\t\t\t\t\t\t\t\t<\/div>\n\t\t\t\t<\/div>\n\t\t\t\t<\/div>\n\t\t\t\t\t<\/div>\n\t\t\t\t<\/div>\n\t\t<div class=\"elementor-element elementor-element-74d1d3e e-flex e-con-boxed e-con e-parent\" data-id=\"74d1d3e\" data-element_type=\"container\" data-e-type=\"container\" data-settings=\"{&quot;jet_parallax_layout_list&quot;:[]}\">\n\t\t\t\t\t<div class=\"e-con-inner\">\n\t\t<div class=\"elementor-element elementor-element-3d17643 e-con-full e-flex e-con e-child\" data-id=\"3d17643\" data-element_type=\"container\" data-e-type=\"container\" data-settings=\"{&quot;jet_parallax_layout_list&quot;:[]}\">\n\t\t\t\t<div class=\"elementor-element elementor-element-fc04eaa elementor-widget__width-initial elementor-widget elementor-widget-text-editor\" data-id=\"fc04eaa\" data-element_type=\"widget\" data-e-type=\"widget\" data-widget_type=\"text-editor.default\">\n\t\t\t\t<div class=\"elementor-widget-container\">\n\t\t\t\t\t\t\t\t\t<p><b>Por que Setembro \u00e9 o M\u00eas das Maiores Celebra\u00e7\u00f5es de Belize<\/b><\/p>\t\t\t\t\t\t\t\t<\/div>\n\t\t\t\t<\/div>\n\t\t\t\t<div class=\"elementor-element elementor-element-6645e49 elementor-widget__width-initial elementor-widget elementor-widget-text-editor\" data-id=\"6645e49\" data-element_type=\"widget\" data-e-type=\"widget\" data-widget_type=\"text-editor.default\">\n\t\t\t\t<div class=\"elementor-widget-container\">\n\t\t\t\t\t\t\t\t\t<p><span style=\"font-weight: 400;\">As Celebra\u00e7\u00f5es de Setembro, esta comemora\u00e7\u00e3o nacional que dura um m\u00eas, homenageiam a hist\u00f3ria, a resili\u00eancia e a independ\u00eancia de Belize.<\/span><span style=\"font-weight: 400;\"><br\/><\/span><span style=\"font-weight: 400;\"><br\/><\/span><span style=\"font-weight: 400;\"> Ao longo de setembro, quase todas as cidades e vilas organizam eventos comunit\u00e1rios, concertos, competi\u00e7\u00f5es esportivas, apresenta\u00e7\u00f5es culturais, festivais gastron\u00f4micos e atividades para toda a fam\u00edlia. As empresas locais decoram as fachadas com cores patri\u00f3ticas, as escolas organizam apresenta\u00e7\u00f5es e o esp\u00edrito inconfund\u00edvel de celebra\u00e7\u00e3o pode ser sentido em todos os lugares.<\/span><span style=\"font-weight: 400;\"><br\/><\/span><span style=\"font-weight: 400;\"><br\/><\/span><span style=\"font-weight: 400;\"> Ao contr\u00e1rio de muitos feriados nacionais ao redor do mundo que duram apenas um dia ou dois, Belize celebra durante todo o m\u00eas, criando uma atmosfera festiva do in\u00edcio ao fim.<\/span><\/p><p><span style=\"font-weight: 400;\">O lodge \u00e9 uma base ideal para descobrir algumas das aventuras no interior mais populares de Belize. Os h\u00f3spedes podem fazer trilhas na selva, andar de caiaque no rio, explorar cavernas e cachoeiras ou aproveitar passeios a cavalo no The Stables. Para uma noite verdadeiramente memor\u00e1vel, o Dinner on the Cliff combina belas vistas da floresta tropical com uma experi\u00eancia gastron\u00f4mica excepcional.  <\/span><\/p><p><span style=\"font-weight: 400;\">Seja com dias repletos de aventura ou com momentos tranquilos em uma rede.<\/span><\/p>\t\t\t\t\t\t\t\t<\/div>\n\t\t\t\t<\/div>\n\t\t\t\t<\/div>\n\t\t<div class=\"elementor-element elementor-element-4a355a3 e-con-full e-flex e-con e-child\" data-id=\"4a355a3\" data-element_type=\"container\" data-e-type=\"container\" data-settings=\"{&quot;background_background&quot;:&quot;classic&quot;,&quot;jet_parallax_layout_list&quot;:[]}\">\n\t\t\t\t<div class=\"elementor-element elementor-element-ee0ce63 elementor-widget elementor-widget-spacer\" data-id=\"ee0ce63\" data-element_type=\"widget\" data-e-type=\"widget\" data-widget_type=\"spacer.default\">\n\t\t\t\t<div class=\"elementor-widget-container\">\n\t\t\t\t\t\t\t<div class=\"elementor-spacer\">\n\t\t\t<div class=\"elementor-spacer-inner\"><\/div>\n\t\t<\/div>\n\t\t\t\t\t\t<\/div>\n\t\t\t\t<\/div>\n\t\t\t\t<\/div>\n\t\t\t\t\t<\/div>\n\t\t\t\t<\/div>\n\t\t<div class=\"elementor-element elementor-element-76167bd e-flex e-con-boxed e-con e-parent\" data-id=\"76167bd\" data-element_type=\"container\" data-e-type=\"container\" data-settings=\"{&quot;jet_parallax_layout_list&quot;:[]}\">\n\t\t\t\t\t<div class=\"e-con-inner\">\n\t\t<div class=\"elementor-element elementor-element-4681d33 e-con-full e-flex e-con e-child\" data-id=\"4681d33\" data-element_type=\"container\" data-e-type=\"container\" data-settings=\"{&quot;background_background&quot;:&quot;classic&quot;,&quot;jet_parallax_layout_list&quot;:[]}\">\n\t\t\t\t<div class=\"elementor-element elementor-element-9c37397 elementor-widget elementor-widget-spacer\" data-id=\"9c37397\" data-element_type=\"widget\" data-e-type=\"widget\" data-widget_type=\"spacer.default\">\n\t\t\t\t<div class=\"elementor-widget-container\">\n\t\t\t\t\t\t\t<div class=\"elementor-spacer\">\n\t\t\t<div class=\"elementor-spacer-inner\"><\/div>\n\t\t<\/div>\n\t\t\t\t\t\t<\/div>\n\t\t\t\t<\/div>\n\t\t\t\t<\/div>\n\t\t<div class=\"elementor-element elementor-element-d8b3faf e-con-full e-flex e-con e-child\" data-id=\"d8b3faf\" data-element_type=\"container\" data-e-type=\"container\" data-settings=\"{&quot;jet_parallax_layout_list&quot;:[]}\">\n\t\t\t\t<div class=\"elementor-element elementor-element-b5ec36e elementor-widget__width-initial elementor-widget elementor-widget-text-editor\" data-id=\"b5ec36e\" data-element_type=\"widget\" data-e-type=\"widget\" data-widget_type=\"text-editor.default\">\n\t\t\t\t<div class=\"elementor-widget-container\">\n\t\t\t\t\t\t\t\t\t<p><b>10 de Setembro: Dia de St. George&#8217;s Caye<\/b><\/p>\t\t\t\t\t\t\t\t<\/div>\n\t\t\t\t<\/div>\n\t\t\t\t<div class=\"elementor-element elementor-element-5b3434f elementor-widget__width-initial elementor-widget elementor-widget-text-editor\" data-id=\"5b3434f\" data-element_type=\"widget\" data-e-type=\"widget\" data-widget_type=\"text-editor.default\">\n\t\t\t\t<div class=\"elementor-widget-container\">\n\t\t\t\t\t\t\t\t\t<p><span style=\"font-weight: 400;\">As celebra\u00e7\u00f5es come\u00e7am com o Dia de St. George&#8217;s Caye, comemorado todos os anos em 10 de setembro.<\/span><span style=\"font-weight: 400;\"><br\/><\/span><span style=\"font-weight: 400;\"><br\/><\/span><span style=\"font-weight: 400;\"> O feriado marca a hist\u00f3rica Batalha de St. George&#8217;s Caye em 1798, quando colonos e Baymen escravizados defenderam com sucesso o territ\u00f3rio contra as for\u00e7as espanholas. Os visitantes podem desfrutar de desfiles patri\u00f3ticos, fanfarras, cerim\u00f4nias de hasteamento da bandeira e apresenta\u00e7\u00f5es culturais enquanto aprendem sobre um dos momentos hist\u00f3ricos definidores de Belize.<\/span><\/p><p><span style=\"font-weight: 400;\">Vilas privativas, muitas com suas pr\u00f3prias piscinas de imers\u00e3o, oferecem bastante espa\u00e7o para relaxar ap\u00f3s um dia explorando o Distrito de Cayo. Os h\u00f3spedes podem remar ao longo do rio, aproveitar o entorno natural ou jantar no Humo Restaurant &#038; Bar, onde a culin\u00e1ria inspirada em ingredientes locais \u00e9 servida em um cen\u00e1rio c\u00eanico \u00e0 beira do rio. <\/span><\/p><p><span style=\"font-weight: 400;\">Sua localiza\u00e7\u00e3o central tamb\u00e9m faz do The Banks um excelente ponto de partida para visitar s\u00edtios arqueol\u00f3gicos maias pr\u00f3ximos, sistemas de cavernas, reservas naturais e outras atra\u00e7\u00f5es do interior, antes de retornar \u00e0 tranquilidade do resort.<\/span><\/p>\t\t\t\t\t\t\t\t<\/div>\n\t\t\t\t<\/div>\n\t\t\t\t<\/div>\n\t\t\t\t\t<\/div>\n\t\t\t\t<\/div>\n\t\t<div class=\"elementor-element elementor-element-2027fe5 e-flex e-con-boxed e-con e-parent\" data-id=\"2027fe5\" data-element_type=\"container\" data-e-type=\"container\" data-settings=\"{&quot;jet_parallax_layout_list&quot;:[]}\">\n\t\t\t\t\t<div class=\"e-con-inner\">\n\t\t<div class=\"elementor-element elementor-element-5909026 e-con-full e-flex e-con e-child\" data-id=\"5909026\" data-element_type=\"container\" data-e-type=\"container\" data-settings=\"{&quot;jet_parallax_layout_list&quot;:[]}\">\n\t\t\t\t<div class=\"elementor-element elementor-element-036cade elementor-widget__width-initial elementor-widget elementor-widget-text-editor\" data-id=\"036cade\" data-element_type=\"widget\" data-e-type=\"widget\" data-widget_type=\"text-editor.default\">\n\t\t\t\t<div class=\"elementor-widget-container\">\n\t\t\t\t\t\t\t\t\t<p><b>21 de Setembro: Dia da Independ\u00eancia de Belize<\/b><\/p>\t\t\t\t\t\t\t\t<\/div>\n\t\t\t\t<\/div>\n\t\t\t\t<div class=\"elementor-element elementor-element-210168e elementor-widget__width-initial elementor-widget elementor-widget-text-editor\" data-id=\"210168e\" data-element_type=\"widget\" data-e-type=\"widget\" data-widget_type=\"text-editor.default\">\n\t\t\t\t<div class=\"elementor-widget-container\">\n\t\t\t\t\t\t\t\t\t<p><span style=\"font-weight: 400;\">Em 21 de setembro de 1981, Belize conquistou oficialmente sua independ\u00eancia. Hoje, a na\u00e7\u00e3o celebra com desfiles animados, fogos de artif\u00edcio, concertos, festas de rua e culin\u00e1ria tradicional, enquanto fam\u00edlias e comunidades se unem em uma exibi\u00e7\u00e3o vibrante de orgulho nacional. O tema deste ano, <\/span><b>&#8220;Olhe para Mim. Sou Belize aos 45&#8221;,<\/b><span style=\"font-weight: 400;\"> homenageia a resili\u00eancia, a diversidade e as contribui\u00e7\u00f5es cotidianas dos belizenhos, celebrando 45 anos de independ\u00eancia. \u00c9 uma das melhores \u00e9pocas para vivenciar a rica cultura do pa\u00eds, a hospitalidade calorosa e o esp\u00edrito patri\u00f3tico inconfund\u00edvel.<\/span><\/p>\t\t\t\t\t\t\t\t<\/div>\n\t\t\t\t<\/div>\n\t\t\t\t<\/div>\n\t\t<div class=\"elementor-element elementor-element-8480f4c e-con-full e-flex e-con e-child\" data-id=\"8480f4c\" data-element_type=\"container\" data-e-type=\"container\" data-settings=\"{&quot;background_background&quot;:&quot;classic&quot;,&quot;jet_parallax_layout_list&quot;:[]}\">\n\t\t\t\t<div class=\"elementor-element elementor-element-5bb041f elementor-widget elementor-widget-spacer\" data-id=\"5bb041f\" data-element_type=\"widget\" data-e-type=\"widget\" data-widget_type=\"spacer.default\">\n\t\t\t\t<div class=\"elementor-widget-container\">\n\t\t\t\t\t\t\t<div class=\"elementor-spacer\">\n\t\t\t<div class=\"elementor-spacer-inner\"><\/div>\n\t\t<\/div>\n\t\t\t\t\t\t<\/div>\n\t\t\t\t<\/div>\n\t\t\t\t<\/div>\n\t\t\t\t\t<\/div>\n\t\t\t\t<\/div>\n\t\t<div class=\"elementor-element elementor-element-a54e5c1 e-flex e-con-boxed e-con e-parent\" data-id=\"a54e5c1\" data-element_type=\"container\" data-e-type=\"container\" data-settings=\"{&quot;jet_parallax_layout_list&quot;:[]}\">\n\t\t\t\t\t<div class=\"e-con-inner\">\n\t\t<div class=\"elementor-element elementor-element-d50a91c e-con-full e-flex e-con e-child\" data-id=\"d50a91c\" data-element_type=\"container\" data-e-type=\"container\" data-settings=\"{&quot;background_background&quot;:&quot;classic&quot;,&quot;jet_parallax_layout_list&quot;:[]}\">\n\t\t\t\t<div class=\"elementor-element elementor-element-6109fc4 elementor-widget elementor-widget-spacer\" data-id=\"6109fc4\" data-element_type=\"widget\" data-e-type=\"widget\" data-widget_type=\"spacer.default\">\n\t\t\t\t<div class=\"elementor-widget-container\">\n\t\t\t\t\t\t\t<div class=\"elementor-spacer\">\n\t\t\t<div class=\"elementor-spacer-inner\"><\/div>\n\t\t<\/div>\n\t\t\t\t\t\t<\/div>\n\t\t\t\t<\/div>\n\t\t\t\t<\/div>\n\t\t<div class=\"elementor-element elementor-element-609cba6 e-con-full e-flex e-con e-child\" data-id=\"609cba6\" data-element_type=\"container\" data-e-type=\"container\" data-settings=\"{&quot;jet_parallax_layout_list&quot;:[]}\">\n\t\t\t\t<div class=\"elementor-element elementor-element-15a8d48 elementor-widget__width-initial elementor-widget elementor-widget-text-editor\" data-id=\"15a8d48\" data-element_type=\"widget\" data-e-type=\"widget\" data-widget_type=\"text-editor.default\">\n\t\t\t\t<div class=\"elementor-widget-container\">\n\t\t\t\t\t\t\t\t\t<p><b>Experimente a Energia do Carnaval de Belize<\/b><\/p>\t\t\t\t\t\t\t\t<\/div>\n\t\t\t\t<\/div>\n\t\t\t\t<div class=\"elementor-element elementor-element-8e8048f elementor-widget__width-initial elementor-widget elementor-widget-text-editor\" data-id=\"8e8048f\" data-element_type=\"widget\" data-e-type=\"widget\" data-widget_type=\"text-editor.default\">\n\t\t\t\t<div class=\"elementor-widget-container\">\n\t\t\t\t\t\t\t\t\t<p><span style=\"font-weight: 400;\">Um dos destaques de setembro \u00e9 o Carnaval de Belize.<\/span><span style=\"font-weight: 400;\"><br\/><\/span><span style=\"font-weight: 400;\"><br\/><\/span><span style=\"font-weight: 400;\"> Em 2026, a espetacular Carnival Roadmarch acontece no dia 5 de setembro na Cidade de Belize, apresentando deslumbrantes bandas de carnaval, celebra\u00e7\u00f5es de J&#8217;ouvert no in\u00edcio da manh\u00e3, festas de rua energ\u00e9ticas, fantasias elaboradas e ritmos ininterruptos de Soca e do Caribe.<\/span><span style=\"font-weight: 400;\"><br\/><\/span><span style=\"font-weight: 400;\"><br\/><\/span><span style=\"font-weight: 400;\"> Milhares de espectadores lotam as ruas enquanto os artistas dan\u00e7am pela cidade em cores brilhantes. A atmosfera \u00e9 el\u00e9trica e acolhedora, tornando o Carnaval uma das experi\u00eancias culturais mais inesquec\u00edveis do pa\u00eds.<\/span><\/p>\t\t\t\t\t\t\t\t<\/div>\n\t\t\t\t<\/div>\n\t\t\t\t<\/div>\n\t\t\t\t\t<\/div>\n\t\t\t\t<\/div>\n\t\t<div class=\"elementor-element elementor-element-0bce0ea e-flex e-con-boxed e-con e-parent\" data-id=\"0bce0ea\" data-element_type=\"container\" data-e-type=\"container\" data-settings=\"{&quot;jet_parallax_layout_list&quot;:[]}\">\n\t\t\t\t\t<div class=\"e-con-inner\">\n\t\t<div class=\"elementor-element elementor-element-b3e3d79 e-con-full e-flex e-con e-child\" data-id=\"b3e3d79\" data-element_type=\"container\" data-e-type=\"container\" data-settings=\"{&quot;jet_parallax_layout_list&quot;:[]}\">\n\t\t\t\t<div class=\"elementor-element elementor-element-70f14c0 elementor-widget__width-initial elementor-widget elementor-widget-text-editor\" data-id=\"70f14c0\" data-element_type=\"widget\" data-e-type=\"widget\" data-widget_type=\"text-editor.default\">\n\t\t\t\t<div class=\"elementor-widget-container\">\n\t\t\t\t\t\t\t\t\t<p><b>Al\u00e9m das Celebra\u00e7\u00f5es: Setembro Ainda \u00e9 a \u00c9poca Perfeita para Explorar<\/b><\/p>\t\t\t\t\t\t\t\t<\/div>\n\t\t\t\t<\/div>\n\t\t\t\t<div class=\"elementor-element elementor-element-936b79e elementor-widget__width-initial elementor-widget elementor-widget-text-editor\" data-id=\"936b79e\" data-element_type=\"widget\" data-e-type=\"widget\" data-widget_type=\"text-editor.default\">\n\t\t\t\t<div class=\"elementor-widget-container\">\n\t\t\t\t\t\t\t\t\t<p><span style=\"font-weight: 400;\">Setembro tamb\u00e9m \u00e9 uma excelente \u00e9poca para vivenciar a beleza natural de Belize. As paisagens est\u00e3o exuberantes, as cachoeiras est\u00e3o fluindo e a vida selvagem \u00e9 abundante. <\/span><span style=\"font-weight: 400;\"><br><\/span><span style=\"font-weight: 400;\"><br><\/span><span style=\"font-weight: 400;\">  Explore a lend\u00e1ria Caverna ATM, uma das maiores aventuras em cavernas do mundo, ou flutue por sistemas de cavernas antigos em uma relaxante excurs\u00e3o de cave tubing.<\/span><span style=\"font-weight: 400;\"><br><\/span><span style=\"font-weight: 400;\"><br><\/span><span style=\"font-weight: 400;\">  Os amantes da natureza tamb\u00e9m devem visitar o Santu\u00e1rio de Vida Selvagem Cockscomb Basin, a primeira reserva de jaguares do mundo, onde trilhas para caminhadas, cachoeiras, p\u00e1ssaros tropicais e cen\u00e1rios de floresta tropical criam uma aventura inesquec\u00edvel.<\/span><span style=\"font-weight: 400;\"><br><\/span><span style=\"font-weight: 400;\"><br><\/span><span style=\"font-weight: 400;\">  Essas experi\u00eancias combinam perfeitamente com uma estadia no The Rainforest Lodge at Sleeping Giant, colocando as aventuras terrestres mais ic\u00f4nicas de Belize ao seu alcance.<\/span><\/p>\t\t\t\t\t\t\t\t<\/div>\n\t\t\t\t<\/div>\n\t\t\t\t<\/div>\n\t\t<div class=\"elementor-element elementor-element-3cbe241 e-con-full e-flex e-con e-child\" data-id=\"3cbe241\" data-element_type=\"container\" data-e-type=\"container\" data-settings=\"{&quot;background_background&quot;:&quot;classic&quot;,&quot;jet_parallax_layout_list&quot;:[]}\">\n\t\t\t\t<div class=\"elementor-element elementor-element-a33a346 elementor-widget elementor-widget-spacer\" data-id=\"a33a346\" data-element_type=\"widget\" data-e-type=\"widget\" data-widget_type=\"spacer.default\">\n\t\t\t\t<div class=\"elementor-widget-container\">\n\t\t\t\t\t\t\t<div class=\"elementor-spacer\">\n\t\t\t<div class=\"elementor-spacer-inner\"><\/div>\n\t\t<\/div>\n\t\t\t\t\t\t<\/div>\n\t\t\t\t<\/div>\n\t\t\t\t<\/div>\n\t\t\t\t\t<\/div>\n\t\t\t\t<\/div>\n\t\t<div class=\"elementor-element elementor-element-5306e18 e-flex e-con-boxed e-con e-parent\" data-id=\"5306e18\" data-element_type=\"container\" data-e-type=\"container\" data-settings=\"{&quot;jet_parallax_layout_list&quot;:[]}\">\n\t\t\t\t\t<div class=\"e-con-inner\">\n\t\t<div class=\"elementor-element elementor-element-d20b1a1 e-con-full e-flex e-con e-child\" data-id=\"d20b1a1\" data-element_type=\"container\" data-e-type=\"container\" data-settings=\"{&quot;background_background&quot;:&quot;classic&quot;,&quot;jet_parallax_layout_list&quot;:[]}\">\n\t\t\t\t<div class=\"elementor-element elementor-element-54dcd84 elementor-widget elementor-widget-spacer\" data-id=\"54dcd84\" data-element_type=\"widget\" data-e-type=\"widget\" data-widget_type=\"spacer.default\">\n\t\t\t\t<div class=\"elementor-widget-container\">\n\t\t\t\t\t\t\t<div class=\"elementor-spacer\">\n\t\t\t<div class=\"elementor-spacer-inner\"><\/div>\n\t\t<\/div>\n\t\t\t\t\t\t<\/div>\n\t\t\t\t<\/div>\n\t\t\t\t<\/div>\n\t\t<div class=\"elementor-element elementor-element-8e0c029 e-con-full e-flex e-con e-child\" data-id=\"8e0c029\" data-element_type=\"container\" data-e-type=\"container\" data-settings=\"{&quot;jet_parallax_layout_list&quot;:[]}\">\n\t\t\t\t<div class=\"elementor-element elementor-element-15eb489 elementor-widget__width-initial elementor-widget elementor-widget-text-editor\" data-id=\"15eb489\" data-element_type=\"widget\" data-e-type=\"widget\" data-widget_type=\"text-editor.default\">\n\t\t\t\t<div class=\"elementor-widget-container\">\n\t\t\t\t\t\t\t\t\t<p><b>Celebre ao Longo da Bela Costa de Belize<\/b><\/p>\t\t\t\t\t\t\t\t<\/div>\n\t\t\t\t<\/div>\n\t\t\t\t<div class=\"elementor-element elementor-element-ca27e58 elementor-widget__width-initial elementor-widget elementor-widget-text-editor\" data-id=\"ca27e58\" data-element_type=\"widget\" data-e-type=\"widget\" data-widget_type=\"text-editor.default\">\n\t\t\t\t<div class=\"elementor-widget-container\">\n\t\t\t\t\t\t\t\t\t<p><span style=\"font-weight: 400;\">O sul de Belize equilibra perfeitamente as celebra\u00e7\u00f5es culturais com o relaxamento tropical.<\/span><span style=\"font-weight: 400;\"><br><\/span><span style=\"font-weight: 400;\"><br><\/span><span style=\"font-weight: 400;\">  Os h\u00f3spedes do The Lodge at Jaguar Reef podem combinar o relaxamento \u00e0 beira-mar com experi\u00eancias culturais Garifuna e f\u00e1cil acesso a Cockscomb Basin.<\/span><span style=\"font-weight: 400;\"><br><\/span><span style=\"font-weight: 400;\"><br><\/span><span style=\"font-weight: 400;\">  No Umaya Resort &#038; Adventures, os visitantes podem desfrutar das praias de Placencia, remar na lagoa, praticar snorkel na Barreira de Corais de Belize e vivenciar as festividades locais de setembro.<\/span><span style=\"font-weight: 400;\"><br><\/span><span style=\"font-weight: 400;\"><br><\/span><span style=\"font-weight: 400;\">  Ap\u00f3s as celebra\u00e7\u00f5es, relaxe \u00e0 beira do rio no The Banks Resort ou escape para a Blue Reef Island para um ref\u00fagio tranquilo em uma ilha particular cercada pelas \u00e1guas azul-turquesa do Caribe.<\/span><\/p>\t\t\t\t\t\t\t\t<\/div>\n\t\t\t\t<\/div>\n\t\t\t\t<\/div>\n\t\t\t\t\t<\/div>\n\t\t\t\t<\/div>\n\t\t<div class=\"elementor-element elementor-element-d9f8eb3 e-flex e-con-boxed e-con e-parent\" data-id=\"d9f8eb3\" data-element_type=\"container\" data-e-type=\"container\" data-settings=\"{&quot;jet_parallax_layout_list&quot;:[]}\">\n\t\t\t\t\t<div class=\"e-con-inner\">\n\t\t<div class=\"elementor-element elementor-element-912be25 e-con-full e-flex e-con e-child\" data-id=\"912be25\" data-element_type=\"container\" data-e-type=\"container\" data-settings=\"{&quot;jet_parallax_layout_list&quot;:[]}\">\n\t\t\t\t<div class=\"elementor-element elementor-element-fdd7802 elementor-widget__width-initial elementor-widget elementor-widget-text-editor\" data-id=\"fdd7802\" data-element_type=\"widget\" data-e-type=\"widget\" data-widget_type=\"text-editor.default\">\n\t\t\t\t<div class=\"elementor-widget-container\">\n\t\t\t\t\t\t\t\t\t<p><b>Como \u00e9 o Clima em Setembro?<\/b><\/p>\t\t\t\t\t\t\t\t<\/div>\n\t\t\t\t<\/div>\n\t\t\t\t<div class=\"elementor-element elementor-element-4280f7b elementor-widget__width-initial elementor-widget elementor-widget-text-editor\" data-id=\"4280f7b\" data-element_type=\"widget\" data-e-type=\"widget\" data-widget_type=\"text-editor.default\">\n\t\t\t\t<div class=\"elementor-widget-container\">\n\t\t\t\t\t\t\t\t\t<p><span style=\"font-weight: 400;\">Setembro \u00e9 quente, tropical e lindamente verde. As temperaturas m\u00e9dias diurnas variam entre 27 \u00b0C e 31 \u00b0C (80 \u00b0F \u2013 88 \u00b0F). Embora breves chuvas tropicais sejam poss\u00edveis, elas s\u00e3o frequentemente seguidas por sol, deixando as florestas tropicais vibrantes e as paisagens incrivelmente fotog\u00eanicas.  <\/span><\/p>\t\t\t\t\t\t\t\t<\/div>\n\t\t\t\t<\/div>\n\t\t\t\t<\/div>\n\t\t<div class=\"elementor-element elementor-element-59767cb e-con-full e-flex e-con e-child\" data-id=\"59767cb\" data-element_type=\"container\" data-e-type=\"container\" data-settings=\"{&quot;background_background&quot;:&quot;classic&quot;,&quot;jet_parallax_layout_list&quot;:[]}\">\n\t\t\t\t<div class=\"elementor-element elementor-element-f54c67b elementor-widget elementor-widget-spacer\" data-id=\"f54c67b\" data-element_type=\"widget\" data-e-type=\"widget\" data-widget_type=\"spacer.default\">\n\t\t\t\t<div class=\"elementor-widget-container\">\n\t\t\t\t\t\t\t<div class=\"elementor-spacer\">\n\t\t\t<div class=\"elementor-spacer-inner\"><\/div>\n\t\t<\/div>\n\t\t\t\t\t\t<\/div>\n\t\t\t\t<\/div>\n\t\t\t\t<\/div>\n\t\t\t\t\t<\/div>\n\t\t\t\t<\/div>\n\t\t<div class=\"elementor-element elementor-element-dc97834 e-flex e-con-boxed e-con e-parent\" data-id=\"dc97834\" data-element_type=\"container\" data-e-type=\"container\" data-settings=\"{&quot;jet_parallax_layout_list&quot;:[]}\">\n\t\t\t\t\t<div class=\"e-con-inner\">\n\t\t<div class=\"elementor-element elementor-element-f13892f e-con-full e-flex e-con e-child\" data-id=\"f13892f\" data-element_type=\"container\" data-e-type=\"container\" data-settings=\"{&quot;background_background&quot;:&quot;classic&quot;,&quot;jet_parallax_layout_list&quot;:[]}\">\n\t\t\t\t<div class=\"elementor-element elementor-element-b3a7278 elementor-widget elementor-widget-spacer\" data-id=\"b3a7278\" data-element_type=\"widget\" data-e-type=\"widget\" data-widget_type=\"spacer.default\">\n\t\t\t\t<div class=\"elementor-widget-container\">\n\t\t\t\t\t\t\t<div class=\"elementor-spacer\">\n\t\t\t<div class=\"elementor-spacer-inner\"><\/div>\n\t\t<\/div>\n\t\t\t\t\t\t<\/div>\n\t\t\t\t<\/div>\n\t\t\t\t<\/div>\n\t\t<div class=\"elementor-element elementor-element-5c34bc4 e-con-full e-flex e-con e-child\" data-id=\"5c34bc4\" data-element_type=\"container\" data-e-type=\"container\" data-settings=\"{&quot;jet_parallax_layout_list&quot;:[]}\">\n\t\t\t\t<div class=\"elementor-element elementor-element-5e45ea7 elementor-widget__width-initial elementor-widget elementor-widget-text-editor\" data-id=\"5e45ea7\" data-element_type=\"widget\" data-e-type=\"widget\" data-widget_type=\"text-editor.default\">\n\t\t\t\t<div class=\"elementor-widget-container\">\n\t\t\t\t\t\t\t\t\t<p><b>O que Levar para suas F\u00e9rias de Setembro<\/b><\/p>\t\t\t\t\t\t\t\t<\/div>\n\t\t\t\t<\/div>\n\t\t\t\t<div class=\"elementor-element elementor-element-19393a6 elementor-widget__width-initial elementor-widget elementor-widget-text-editor\" data-id=\"19393a6\" data-element_type=\"widget\" data-e-type=\"widget\" data-widget_type=\"text-editor.default\">\n\t\t\t\t<div class=\"elementor-widget-container\">\n\t\t\t\t\t\t\t\t\t<p><span style=\"font-weight: 400;\">Leve roupas leves, trajes de banho, sand\u00e1lias, sapatos confort\u00e1veis para caminhar, protetor solar, \u00f3culos de sol, uma garrafa de \u00e1gua reutiliz\u00e1vel, repelente de insetos e uma jaqueta leve para chuva. N\u00e3o esque\u00e7a sua c\u00e2mera \u2014 voc\u00ea vai querer capturar tudo, desde as fantasias coloridas do Carnaval at\u00e9 o espetacular p\u00f4r do sol caribenho. <\/span><\/p>\t\t\t\t\t\t\t\t<\/div>\n\t\t\t\t<\/div>\n\t\t\t\t<\/div>\n\t\t\t\t\t<\/div>\n\t\t\t\t<\/div>\n\t\t<div class=\"elementor-element elementor-element-29b9556 e-flex e-con-boxed e-con e-parent\" data-id=\"29b9556\" data-element_type=\"container\" data-e-type=\"container\" data-settings=\"{&quot;jet_parallax_layout_list&quot;:[]}\">\n\t\t\t\t\t<div class=\"e-con-inner\">\n\t\t<div class=\"elementor-element elementor-element-95e4b34 e-con-full e-flex e-con e-child\" data-id=\"95e4b34\" data-element_type=\"container\" data-e-type=\"container\" data-settings=\"{&quot;jet_parallax_layout_list&quot;:[]}\">\n\t\t\t\t<div class=\"elementor-element elementor-element-27bd4a1 elementor-widget__width-initial elementor-widget elementor-widget-text-editor\" data-id=\"27bd4a1\" data-element_type=\"widget\" data-e-type=\"widget\" data-widget_type=\"text-editor.default\">\n\t\t\t\t<div class=\"elementor-widget-container\">\n\t\t\t\t\t\t\t\t\t<p><b>Saboreie os Sabores de Setembro<\/b><\/p>\t\t\t\t\t\t\t\t<\/div>\n\t\t\t\t<\/div>\n\t\t\t\t<div class=\"elementor-element elementor-element-31bb964 elementor-widget__width-initial elementor-widget elementor-widget-text-editor\" data-id=\"31bb964\" data-element_type=\"widget\" data-e-type=\"widget\" data-widget_type=\"text-editor.default\">\n\t\t\t\t<div class=\"elementor-widget-container\">\n\t\t\t\t\t\t\t\t\t<p><span style=\"font-weight: 400;\">Desfrute dos pratos favoritos de Belize, incluindo fry jacks, arroz com feij\u00e3o e frango ensopado, salbutes, garnaches, frutos do mar frescos e a especialidade Garifuna hudut. Acompanhe sua refei\u00e7\u00e3o com sucos tropicais ou um coquetel de rum belizenho enquanto desfruta de m\u00fasica ao vivo e celebra\u00e7\u00f5es festivas. <\/span><\/p>\t\t\t\t\t\t\t\t<\/div>\n\t\t\t\t<\/div>\n\t\t\t\t<\/div>\n\t\t<div class=\"elementor-element elementor-element-1daad16 e-con-full e-flex e-con e-child\" data-id=\"1daad16\" data-element_type=\"container\" data-e-type=\"container\" data-settings=\"{&quot;background_background&quot;:&quot;classic&quot;,&quot;jet_parallax_layout_list&quot;:[]}\">\n\t\t\t\t<div class=\"elementor-element elementor-element-0cf5e6d elementor-widget elementor-widget-spacer\" data-id=\"0cf5e6d\" data-element_type=\"widget\" data-e-type=\"widget\" data-widget_type=\"spacer.default\">\n\t\t\t\t<div class=\"elementor-widget-container\">\n\t\t\t\t\t\t\t<div class=\"elementor-spacer\">\n\t\t\t<div class=\"elementor-spacer-inner\"><\/div>\n\t\t<\/div>\n\t\t\t\t\t\t<\/div>\n\t\t\t\t<\/div>\n\t\t\t\t<\/div>\n\t\t\t\t\t<\/div>\n\t\t\t\t<\/div>\n\t\t<div class=\"elementor-element elementor-element-797efbe e-flex e-con-boxed e-con e-parent\" data-id=\"797efbe\" data-element_type=\"container\" data-e-type=\"container\" data-settings=\"{&quot;jet_parallax_layout_list&quot;:[]}\">\n\t\t\t\t\t<div class=\"e-con-inner\">\n\t\t<div class=\"elementor-element elementor-element-89cb3af e-con-full e-flex e-con e-child\" data-id=\"89cb3af\" data-element_type=\"container\" data-e-type=\"container\" data-settings=\"{&quot;jet_parallax_layout_list&quot;:[]}\">\n\t\t\t\t<div class=\"elementor-element elementor-element-29f7dc2 elementor-widget__width-initial elementor-widget elementor-widget-text-editor\" data-id=\"29f7dc2\" data-element_type=\"widget\" data-e-type=\"widget\" data-widget_type=\"text-editor.default\">\n\t\t\t\t<div class=\"elementor-widget-container\">\n\t\t\t\t\t\t\t\t\t<p><b>Descubra o Cora\u00e7\u00e3o de Belize<\/b><\/p>\t\t\t\t\t\t\t\t<\/div>\n\t\t\t\t<\/div>\n\t\t\t\t<div class=\"elementor-element elementor-element-354fa6b elementor-widget__width-initial elementor-widget elementor-widget-text-editor\" data-id=\"354fa6b\" data-element_type=\"widget\" data-e-type=\"widget\" data-widget_type=\"text-editor.default\">\n\t\t\t\t<div class=\"elementor-widget-container\">\n\t\t\t\t\t\t\t\t\t<p><span style=\"font-weight: 400;\">Setembro \u00e9 mais do que uma celebra\u00e7\u00e3o \u2014 \u00e9 quando Belize compartilha orgulhosamente sua hist\u00f3ria, cultura, tradi\u00e7\u00f5es e hospitalidade com o mundo.<\/span><span style=\"font-weight: 400;\"><br\/><\/span><span style=\"font-weight: 400;\"><br\/><\/span><span style=\"font-weight: 400;\"> Quer voc\u00ea escolha explorar cavernas antigas, relaxar no The Lodge at Jaguar Reef, remar na lagoa no Umaya Resort &#038; Adventures, reconectar-se com a natureza no The Rainforest Lodge at Sleeping Giant, descansar \u00e0 beira do rio no The Banks Resort ou escapar para a Blue Reef Island, voc\u00ea descobrir\u00e1 rapidamente por que setembro \u00e9 uma das \u00e9pocas mais gratificantes para visitar Belize.<\/span><span style=\"font-weight: 400;\"><br\/><\/span><span style=\"font-weight: 400;\"><br\/><\/span><span style=\"font-weight: 400;\"> Venha pelas celebra\u00e7\u00f5es. Fique pela aventura. Parta com mem\u00f3rias e um pouco do esp\u00edrito belizenho que ficar\u00e1 com voc\u00ea muito depois do fim de setembro.<\/span><\/p>\t\t\t\t\t\t\t\t<\/div>\n\t\t\t\t<\/div>\n\t\t\t\t<\/div>\n\t\t\t\t\t<\/div>\n\t\t\t\t<\/div>\n\t\t<div class=\"elementor-element elementor-element-ed5d3d6 e-flex e-con-boxed e-con e-parent\" data-id=\"ed5d3d6\" data-element_type=\"container\" data-e-type=\"container\" data-settings=\"{&quot;jet_parallax_layout_list&quot;:[]}\">\n\t\t\t\t\t<div class=\"e-con-inner\">\n\t\t\t\t<div class=\"elementor-element elementor-element-ed1d826 elementor-widget elementor-widget-spacer\" data-id=\"ed1d826\" data-element_type=\"widget\" data-e-type=\"widget\" data-widget_type=\"spacer.default\">\n\t\t\t\t<div class=\"elementor-widget-container\">\n\t\t\t\t\t\t\t<div class=\"elementor-spacer\">\n\t\t\t<div class=\"elementor-spacer-inner\"><\/div>\n\t\t<\/div>\n\t\t\t\t\t\t<\/div>\n\t\t\t\t<\/div>\n\t\t\t\t\t<\/div>\n\t\t\t\t<\/div>\n\t\t\t\t<\/div>\n\t\t","protected":false},"excerpt":{"rendered":"<p>Se existe um m\u00eas que captura o cora\u00e7\u00e3o e a alma de Belize, esse m\u00eas \u00e9 setembro. Embora muitos viajantes associem Belize a \u00e1guas azul-turquesa, templos maias antigos e florestas tropicais exuberantes, setembro revela outro lado do pa\u00eds: um lado repleto de m\u00fasica, patriotismo, desfiles coloridos, tradi\u00e7\u00f5es culturais e comunidades que se unem para celebrar o que significa ser belizenho.  <\/p>\n<p> Por todo o pa\u00eds, as ruas s\u00e3o decoradas em vermelho, branco e azul. O som dos tambores ecoa por vilas e cidades, bandeiras acenam orgulhosamente em casas e estabelecimentos comerciais, e as fam\u00edlias se re\u00fanem para celebrar dois dos feriados mais importantes da na\u00e7\u00e3o. <\/p>\n","protected":false},"author":1013,"featured_media":25063,"comment_status":"closed","ping_status":"closed","sticky":false,"template":"elementor_header_footer","format":"standard","meta":{"_acf_changed":false,"_jetpack_newsletter_access":"","_jetpack_dont_email_post_to_subs":false,"_jetpack_newsletter_tier_id":0,"_jetpack_memberships_contains_paywalled_content":false,"_jetpack_feature_clip_id":0,"_jetpack_memberships_contains_paid_content":false,"footnotes":"","jetpack_post_was_ever_published":false},"categories":[1089],"tags":[],"class_list":["post-25058","post","type-post","status-publish","format-standard","has-post-thumbnail","hentry","category-blog"],"acf":[],"yoast_head":"<!-- This site is optimized with the Yoast SEO plugin v28.3 - https:\/\/yoast.com\/product\/yoast-seo-wordpress\/ -->\n<title>Setembro em Belize: Seu Guia Completo de Celebra\u00e7\u00f5es, Carnaval e o M\u00eas da Independ\u00eancia - The Rainforest Lodge at Sleeping Giant<\/title>\n<meta name=\"robots\" content=\"index, follow, max-snippet:-1, max-image-preview:large, max-video-preview:-1\" \/>\n<link rel=\"canonical\" href=\"https:\/\/www.sleepinggiantbelize.com\/2026\/08\/14\/september-in-belize-your-complete-guide-to-celebrations-carnival-independence-month\/\" \/>\n<meta property=\"og:locale\" content=\"pt_BR\" \/>\n<meta property=\"og:type\" content=\"article\" \/>\n<meta property=\"og:title\" content=\"Setembro em Belize: Seu Guia Completo de Celebra\u00e7\u00f5es, Carnaval e o M\u00eas da Independ\u00eancia - The Rainforest Lodge at Sleeping Giant\" \/>\n<meta property=\"og:description\" content=\"Se existe um m\u00eas que captura o cora\u00e7\u00e3o e a alma de Belize, esse m\u00eas \u00e9 setembro. Embora muitos viajantes associem Belize a \u00e1guas azul-turquesa, templos maias antigos e florestas tropicais exuberantes, setembro revela outro lado do pa\u00eds: um lado repleto de m\u00fasica, patriotismo, desfiles coloridos, tradi\u00e7\u00f5es culturais e comunidades que se unem para celebrar o que significa ser belizenho.   Por todo o pa\u00eds, as ruas s\u00e3o decoradas em vermelho, branco e azul. O som dos tambores ecoa por vilas e cidades, bandeiras acenam orgulhosamente em casas e estabelecimentos comerciais, e as fam\u00edlias se re\u00fanem para celebrar dois dos feriados mais importantes da na\u00e7\u00e3o.\" \/>\n<meta property=\"og:url\" content=\"https:\/\/www.sleepinggiantbelize.com\/2026\/08\/14\/september-in-belize-your-complete-guide-to-celebrations-carnival-independence-month\/\" \/>\n<meta property=\"og:site_name\" content=\"The Rainforest Lodge at Sleeping Giant\" \/>\n<meta property=\"article:published_time\" content=\"2026-08-14T22:26:26+00:00\" \/>\n<meta property=\"article:modified_time\" content=\"2026-08-14T22:30:35+00:00\" \/>\n<meta property=\"og:image\" content=\"https:\/\/www.sleepinggiantbelize.com\/wp-content\/uploads\/2026\/08\/IMG_9381.jpg\" \/>\n\t<meta property=\"og:image:width\" content=\"2048\" \/>\n\t<meta property=\"og:image:height\" content=\"1365\" \/>\n\t<meta property=\"og:image:type\" content=\"image\/jpeg\" \/>\n<meta name=\"author\" content=\"Marshall Choco\" \/>\n<meta name=\"twitter:card\" content=\"summary_large_image\" \/>\n<meta name=\"twitter:label1\" content=\"Escrito por\" \/>\n\t<meta name=\"twitter:data1\" content=\"Marshall Choco\" \/>\n\t<meta name=\"twitter:label2\" content=\"Est. tempo de leitura\" \/>\n\t<meta name=\"twitter:data2\" content=\"7 minutos\" \/>\n<script type=\"application\/ld+json\" class=\"yoast-schema-graph\">{\"@context\":\"https:\\\/\\\/schema.org\",\"@graph\":[{\"@type\":\"Article\",\"@id\":\"https:\\\/\\\/www.sleepinggiantbelize.com\\\/2026\\\/08\\\/14\\\/september-in-belize-your-complete-guide-to-celebrations-carnival-independence-month\\\/#article\",\"isPartOf\":{\"@id\":\"https:\\\/\\\/www.sleepinggiantbelize.com\\\/2026\\\/08\\\/14\\\/september-in-belize-your-complete-guide-to-celebrations-carnival-independence-month\\\/\"},\"author\":{\"name\":\"Marshall Choco\",\"@id\":\"https:\\\/\\\/www.sleepinggiantbelize.com\\\/#\\\/schema\\\/person\\\/b7df19ef367292ae1ad17d503781fa28\"},\"headline\":\"Setembro em Belize: Seu Guia Completo de Celebra\u00e7\u00f5es, Carnaval e o M\u00eas da Independ\u00eancia\",\"datePublished\":\"2026-08-14T22:26:26+00:00\",\"dateModified\":\"2026-08-14T22:30:35+00:00\",\"mainEntityOfPage\":{\"@id\":\"https:\\\/\\\/www.sleepinggiantbelize.com\\\/2026\\\/08\\\/14\\\/september-in-belize-your-complete-guide-to-celebrations-carnival-independence-month\\\/\"},\"wordCount\":1360,\"image\":{\"@id\":\"https:\\\/\\\/www.sleepinggiantbelize.com\\\/2026\\\/08\\\/14\\\/september-in-belize-your-complete-guide-to-celebrations-carnival-independence-month\\\/#primaryimage\"},\"thumbnailUrl\":\"https:\\\/\\\/www.sleepinggiantbelize.com\\\/wp-content\\\/uploads\\\/2026\\\/08\\\/IMG_9381.jpg\",\"articleSection\":[\"Blog\"],\"inLanguage\":\"pt-BR\"},{\"@type\":\"WebPage\",\"@id\":\"https:\\\/\\\/www.sleepinggiantbelize.com\\\/2026\\\/08\\\/14\\\/september-in-belize-your-complete-guide-to-celebrations-carnival-independence-month\\\/\",\"url\":\"https:\\\/\\\/www.sleepinggiantbelize.com\\\/2026\\\/08\\\/14\\\/september-in-belize-your-complete-guide-to-celebrations-carnival-independence-month\\\/\",\"name\":\"Setembro em Belize: Seu Guia Completo de Celebra\u00e7\u00f5es, Carnaval e o M\u00eas da Independ\u00eancia - The Rainforest Lodge at Sleeping Giant\",\"isPartOf\":{\"@id\":\"https:\\\/\\\/www.sleepinggiantbelize.com\\\/#website\"},\"primaryImageOfPage\":{\"@id\":\"https:\\\/\\\/www.sleepinggiantbelize.com\\\/2026\\\/08\\\/14\\\/september-in-belize-your-complete-guide-to-celebrations-carnival-independence-month\\\/#primaryimage\"},\"image\":{\"@id\":\"https:\\\/\\\/www.sleepinggiantbelize.com\\\/2026\\\/08\\\/14\\\/september-in-belize-your-complete-guide-to-celebrations-carnival-independence-month\\\/#primaryimage\"},\"thumbnailUrl\":\"https:\\\/\\\/www.sleepinggiantbelize.com\\\/wp-content\\\/uploads\\\/2026\\\/08\\\/IMG_9381.jpg\",\"datePublished\":\"2026-08-14T22:26:26+00:00\",\"dateModified\":\"2026-08-14T22:30:35+00:00\",\"author\":{\"@id\":\"https:\\\/\\\/www.sleepinggiantbelize.com\\\/#\\\/schema\\\/person\\\/b7df19ef367292ae1ad17d503781fa28\"},\"breadcrumb\":{\"@id\":\"https:\\\/\\\/www.sleepinggiantbelize.com\\\/2026\\\/08\\\/14\\\/september-in-belize-your-complete-guide-to-celebrations-carnival-independence-month\\\/#breadcrumb\"},\"inLanguage\":\"pt-BR\",\"potentialAction\":[{\"@type\":\"ReadAction\",\"target\":[\"https:\\\/\\\/www.sleepinggiantbelize.com\\\/2026\\\/08\\\/14\\\/september-in-belize-your-complete-guide-to-celebrations-carnival-independence-month\\\/\"]}]},{\"@type\":\"ImageObject\",\"inLanguage\":\"pt-BR\",\"@id\":\"https:\\\/\\\/www.sleepinggiantbelize.com\\\/2026\\\/08\\\/14\\\/september-in-belize-your-complete-guide-to-celebrations-carnival-independence-month\\\/#primaryimage\",\"url\":\"https:\\\/\\\/www.sleepinggiantbelize.com\\\/wp-content\\\/uploads\\\/2026\\\/08\\\/IMG_9381.jpg\",\"contentUrl\":\"https:\\\/\\\/www.sleepinggiantbelize.com\\\/wp-content\\\/uploads\\\/2026\\\/08\\\/IMG_9381.jpg\",\"width\":2048,\"height\":1365},{\"@type\":\"BreadcrumbList\",\"@id\":\"https:\\\/\\\/www.sleepinggiantbelize.com\\\/2026\\\/08\\\/14\\\/september-in-belize-your-complete-guide-to-celebrations-carnival-independence-month\\\/#breadcrumb\",\"itemListElement\":[{\"@type\":\"ListItem\",\"position\":1,\"name\":\"Home\",\"item\":\"https:\\\/\\\/www.sleepinggiantbelize.com\\\/\"},{\"@type\":\"ListItem\",\"position\":2,\"name\":\"Setembro em Belize: Seu Guia Completo de Celebra\u00e7\u00f5es, Carnaval e o M\u00eas da Independ\u00eancia\"}]},{\"@type\":\"WebSite\",\"@id\":\"https:\\\/\\\/www.sleepinggiantbelize.com\\\/#website\",\"url\":\"https:\\\/\\\/www.sleepinggiantbelize.com\\\/\",\"name\":\"The Rainforest Lodge at Sleeping Giant\",\"description\":\"The Most Complete Vacation Destination in Belize\",\"potentialAction\":[{\"@type\":\"SearchAction\",\"target\":{\"@type\":\"EntryPoint\",\"urlTemplate\":\"https:\\\/\\\/www.sleepinggiantbelize.com\\\/?s={search_term_string}\"},\"query-input\":{\"@type\":\"PropertyValueSpecification\",\"valueRequired\":true,\"valueName\":\"search_term_string\"}}],\"inLanguage\":\"pt-BR\"},{\"@type\":\"Person\",\"@id\":\"https:\\\/\\\/www.sleepinggiantbelize.com\\\/#\\\/schema\\\/person\\\/b7df19ef367292ae1ad17d503781fa28\",\"name\":\"Marshall Choco\",\"image\":{\"@type\":\"ImageObject\",\"inLanguage\":\"pt-BR\",\"@id\":\"https:\\\/\\\/secure.gravatar.com\\\/avatar\\\/006f48dc984367428c6cf59355e710e15b02fcd5c3e5bdb79301f78271b3d66b?s=96&d=mm&r=g\",\"url\":\"https:\\\/\\\/secure.gravatar.com\\\/avatar\\\/006f48dc984367428c6cf59355e710e15b02fcd5c3e5bdb79301f78271b3d66b?s=96&d=mm&r=g\",\"contentUrl\":\"https:\\\/\\\/secure.gravatar.com\\\/avatar\\\/006f48dc984367428c6cf59355e710e15b02fcd5c3e5bdb79301f78271b3d66b?s=96&d=mm&r=g\",\"caption\":\"Marshall Choco\"},\"url\":\"https:\\\/\\\/www.sleepinggiantbelize.com\\\/pt-br\\\/author\\\/marshall\\\/\"}]}<\/script>\n<!-- \/ Yoast SEO plugin. -->","yoast_head_json":{"title":"Setembro em Belize: Seu Guia Completo de Celebra\u00e7\u00f5es, Carnaval e o M\u00eas da Independ\u00eancia - The Rainforest Lodge at Sleeping Giant","robots":{"index":"index","follow":"follow","max-snippet":"max-snippet:-1","max-image-preview":"max-image-preview:large","max-video-preview":"max-video-preview:-1"},"canonical":"https:\/\/www.sleepinggiantbelize.com\/2026\/08\/14\/september-in-belize-your-complete-guide-to-celebrations-carnival-independence-month\/","og_locale":"pt_BR","og_type":"article","og_title":"Setembro em Belize: Seu Guia Completo de Celebra\u00e7\u00f5es, Carnaval e o M\u00eas da Independ\u00eancia - The Rainforest Lodge at Sleeping Giant","og_description":"Se existe um m\u00eas que captura o cora\u00e7\u00e3o e a alma de Belize, esse m\u00eas \u00e9 setembro. Embora muitos viajantes associem Belize a \u00e1guas azul-turquesa, templos maias antigos e florestas tropicais exuberantes, setembro revela outro lado do pa\u00eds: um lado repleto de m\u00fasica, patriotismo, desfiles coloridos, tradi\u00e7\u00f5es culturais e comunidades que se unem para celebrar o que significa ser belizenho.   Por todo o pa\u00eds, as ruas s\u00e3o decoradas em vermelho, branco e azul. O som dos tambores ecoa por vilas e cidades, bandeiras acenam orgulhosamente em casas e estabelecimentos comerciais, e as fam\u00edlias se re\u00fanem para celebrar dois dos feriados mais importantes da na\u00e7\u00e3o.","og_url":"https:\/\/www.sleepinggiantbelize.com\/2026\/08\/14\/september-in-belize-your-complete-guide-to-celebrations-carnival-independence-month\/","og_site_name":"The Rainforest Lodge at Sleeping Giant","article_published_time":"2026-08-14T22:26:26+00:00","article_modified_time":"2026-08-14T22:30:35+00:00","og_image":[{"width":2048,"height":1365,"url":"https:\/\/www.sleepinggiantbelize.com\/wp-content\/uploads\/2026\/08\/IMG_9381.jpg","type":"image\/jpeg"}],"author":"Marshall Choco","twitter_card":"summary_large_image","twitter_misc":{"Escrito por":"Marshall Choco","Est. tempo de leitura":"7 minutos"},"schema":{"@context":"https:\/\/schema.org","@graph":[{"@type":"Article","@id":"https:\/\/www.sleepinggiantbelize.com\/2026\/08\/14\/september-in-belize-your-complete-guide-to-celebrations-carnival-independence-month\/#article","isPartOf":{"@id":"https:\/\/www.sleepinggiantbelize.com\/2026\/08\/14\/september-in-belize-your-complete-guide-to-celebrations-carnival-independence-month\/"},"author":{"name":"Marshall Choco","@id":"https:\/\/www.sleepinggiantbelize.com\/#\/schema\/person\/b7df19ef367292ae1ad17d503781fa28"},"headline":"Setembro em Belize: Seu Guia Completo de Celebra\u00e7\u00f5es, Carnaval e o M\u00eas da Independ\u00eancia","datePublished":"2026-08-14T22:26:26+00:00","dateModified":"2026-08-14T22:30:35+00:00","mainEntityOfPage":{"@id":"https:\/\/www.sleepinggiantbelize.com\/2026\/08\/14\/september-in-belize-your-complete-guide-to-celebrations-carnival-independence-month\/"},"wordCount":1360,"image":{"@id":"https:\/\/www.sleepinggiantbelize.com\/2026\/08\/14\/september-in-belize-your-complete-guide-to-celebrations-carnival-independence-month\/#primaryimage"},"thumbnailUrl":"https:\/\/www.sleepinggiantbelize.com\/wp-content\/uploads\/2026\/08\/IMG_9381.jpg","articleSection":["Blog"],"inLanguage":"pt-BR"},{"@type":"WebPage","@id":"https:\/\/www.sleepinggiantbelize.com\/2026\/08\/14\/september-in-belize-your-complete-guide-to-celebrations-carnival-independence-month\/","url":"https:\/\/www.sleepinggiantbelize.com\/2026\/08\/14\/september-in-belize-your-complete-guide-to-celebrations-carnival-independence-month\/","name":"Setembro em Belize: Seu Guia Completo de Celebra\u00e7\u00f5es, Carnaval e o M\u00eas da Independ\u00eancia - The Rainforest Lodge at Sleeping Giant","isPartOf":{"@id":"https:\/\/www.sleepinggiantbelize.com\/#website"},"primaryImageOfPage":{"@id":"https:\/\/www.sleepinggiantbelize.com\/2026\/08\/14\/september-in-belize-your-complete-guide-to-celebrations-carnival-independence-month\/#primaryimage"},"image":{"@id":"https:\/\/www.sleepinggiantbelize.com\/2026\/08\/14\/september-in-belize-your-complete-guide-to-celebrations-carnival-independence-month\/#primaryimage"},"thumbnailUrl":"https:\/\/www.sleepinggiantbelize.com\/wp-content\/uploads\/2026\/08\/IMG_9381.jpg","datePublished":"2026-08-14T22:26:26+00:00","dateModified":"2026-08-14T22:30:35+00:00","author":{"@id":"https:\/\/www.sleepinggiantbelize.com\/#\/schema\/person\/b7df19ef367292ae1ad17d503781fa28"},"breadcrumb":{"@id":"https:\/\/www.sleepinggiantbelize.com\/2026\/08\/14\/september-in-belize-your-complete-guide-to-celebrations-carnival-independence-month\/#breadcrumb"},"inLanguage":"pt-BR","potentialAction":[{"@type":"ReadAction","target":["https:\/\/www.sleepinggiantbelize.com\/2026\/08\/14\/september-in-belize-your-complete-guide-to-celebrations-carnival-independence-month\/"]}]},{"@type":"ImageObject","inLanguage":"pt-BR","@id":"https:\/\/www.sleepinggiantbelize.com\/2026\/08\/14\/september-in-belize-your-complete-guide-to-celebrations-carnival-independence-month\/#primaryimage","url":"https:\/\/www.sleepinggiantbelize.com\/wp-content\/uploads\/2026\/08\/IMG_9381.jpg","contentUrl":"https:\/\/www.sleepinggiantbelize.com\/wp-content\/uploads\/2026\/08\/IMG_9381.jpg","width":2048,"height":1365},{"@type":"BreadcrumbList","@id":"https:\/\/www.sleepinggiantbelize.com\/2026\/08\/14\/september-in-belize-your-complete-guide-to-celebrations-carnival-independence-month\/#breadcrumb","itemListElement":[{"@type":"ListItem","position":1,"name":"Home","item":"https:\/\/www.sleepinggiantbelize.com\/"},{"@type":"ListItem","position":2,"name":"Setembro em Belize: Seu Guia Completo de Celebra\u00e7\u00f5es, Carnaval e o M\u00eas da Independ\u00eancia"}]},{"@type":"WebSite","@id":"https:\/\/www.sleepinggiantbelize.com\/#website","url":"https:\/\/www.sleepinggiantbelize.com\/","name":"The Rainforest Lodge at Sleeping Giant","description":"The Most Complete Vacation Destination in Belize","potentialAction":[{"@type":"SearchAction","target":{"@type":"EntryPoint","urlTemplate":"https:\/\/www.sleepinggiantbelize.com\/?s={search_term_string}"},"query-input":{"@type":"PropertyValueSpecification","valueRequired":true,"valueName":"search_term_string"}}],"inLanguage":"pt-BR"},{"@type":"Person","@id":"https:\/\/www.sleepinggiantbelize.com\/#\/schema\/person\/b7df19ef367292ae1ad17d503781fa28","name":"Marshall Choco","image":{"@type":"ImageObject","inLanguage":"pt-BR","@id":"https:\/\/secure.gravatar.com\/avatar\/006f48dc984367428c6cf59355e710e15b02fcd5c3e5bdb79301f78271b3d66b?s=96&d=mm&r=g","url":"https:\/\/secure.gravatar.com\/avatar\/006f48dc984367428c6cf59355e710e15b02fcd5c3e5bdb79301f78271b3d66b?s=96&d=mm&r=g","contentUrl":"https:\/\/secure.gravatar.com\/avatar\/006f48dc984367428c6cf59355e710e15b02fcd5c3e5bdb79301f78271b3d66b?s=96&d=mm&r=g","caption":"Marshall Choco"},"url":"https:\/\/www.sleepinggiantbelize.com\/pt-br\/author\/marshall\/"}]}},"jetpack_sharing_enabled":true,"jetpack_featured_media_url":"https:\/\/www.sleepinggiantbelize.com\/wp-content\/uploads\/2026\/08\/IMG_9381.jpg","_links":{"self":[{"href":"https:\/\/www.sleepinggiantbelize.com\/pt-br\/wp-json\/wp\/v2\/posts\/25058","targetHints":{"allow":["GET"]}}],"collection":[{"href":"https:\/\/www.sleepinggiantbelize.com\/pt-br\/wp-json\/wp\/v2\/posts"}],"about":[{"href":"https:\/\/www.sleepinggiantbelize.com\/pt-br\/wp-json\/wp\/v2\/types\/post"}],"author":[{"embeddable":true,"href":"https:\/\/www.sleepinggiantbelize.com\/pt-br\/wp-json\/wp\/v2\/users\/1013"}],"replies":[{"embeddable":true,"href":"https:\/\/www.sleepinggiantbelize.com\/pt-br\/wp-json\/wp\/v2\/comments?post=25058"}],"version-history":[{"count":2,"href":"https:\/\/www.sleepinggiantbelize.com\/pt-br\/wp-json\/wp\/v2\/posts\/25058\/revisions"}],"predecessor-version":[{"id":25087,"href":"https:\/\/www.sleepinggiantbelize.com\/pt-br\/wp-json\/wp\/v2\/posts\/25058\/revisions\/25087"}],"wp:featuredmedia":[{"embeddable":true,"href":"https:\/\/www.sleepinggiantbelize.com\/pt-br\/wp-json\/wp\/v2\/media\/25063"}],"wp:attachment":[{"href":"https:\/\/www.sleepinggiantbelize.com\/pt-br\/wp-json\/wp\/v2\/media?parent=25058"}],"wp:term":[{"taxonomy":"category","embeddable":true,"href":"https:\/\/www.sleepinggiantbelize.com\/pt-br\/wp-json\/wp\/v2\/categories?post=25058"},{"taxonomy":"post_tag","embeddable":true,"href":"https:\/\/www.sleepinggiantbelize.com\/pt-br\/wp-json\/wp\/v2\/tags?post=25058"}],"curies":[{"name":"wp","href":"https:\/\/api.w.org\/{rel}","templated":true}]}}