{"id":25074,"date":"2026-08-14T22:26:26","date_gmt":"2026-08-14T22:26:26","guid":{"rendered":"https:\/\/www.sleepinggiantbelize.com\/2026\/08\/14\/septembre-au-belize-votre-guide-complet-des-celebrations-du-carnaval-et-du-mois-de-lindependance\/"},"modified":"2026-08-14T22:30:35","modified_gmt":"2026-08-14T22:30:35","slug":"septembre-au-belize-votre-guide-complet-des-celebrations-du-carnaval-et-du-mois-de-lindependance","status":"publish","type":"post","link":"https:\/\/www.sleepinggiantbelize.com\/fr\/2026\/08\/14\/septembre-au-belize-votre-guide-complet-des-celebrations-du-carnaval-et-du-mois-de-lindependance\/","title":{"rendered":"Septembre au Belize : Votre guide complet des c\u00e9l\u00e9brations, du carnaval et du mois de l&rsquo;ind\u00e9pendance"},"content":{"rendered":"\t\t<div data-elementor-type=\"wp-post\" data-elementor-id=\"25074\" class=\"elementor elementor-25074 elementor-25039\" data-elementor-post-type=\"post\">\n\t\t\t\t\t\t<section class=\"elementor-section elementor-top-section elementor-element elementor-element-d0038ab elementor-section-full_width elementor-section-height-full elementor-hidden-mobile elementor-section-height-default elementor-section-items-middle\" data-id=\"d0038ab\" data-element_type=\"section\" data-e-type=\"section\" data-settings=\"{&quot;jet_parallax_layout_list&quot;:[{&quot;jet_parallax_layout_image&quot;:{&quot;url&quot;:&quot;&quot;,&quot;id&quot;:&quot;&quot;,&quot;size&quot;:&quot;&quot;},&quot;_id&quot;:&quot;bbbbf4e&quot;,&quot;jet_parallax_layout_image_tablet&quot;:{&quot;url&quot;:&quot;&quot;,&quot;id&quot;:&quot;&quot;,&quot;size&quot;:&quot;&quot;},&quot;jet_parallax_layout_image_mobile&quot;:{&quot;url&quot;:&quot;&quot;,&quot;id&quot;:&quot;&quot;,&quot;size&quot;:&quot;&quot;},&quot;jet_parallax_layout_speed&quot;:{&quot;unit&quot;:&quot;%&quot;,&quot;size&quot;:50,&quot;sizes&quot;:[]},&quot;jet_parallax_layout_type&quot;:&quot;scroll&quot;,&quot;jet_parallax_layout_direction&quot;:&quot;1&quot;,&quot;jet_parallax_layout_fx_direction&quot;:null,&quot;jet_parallax_layout_z_index&quot;:&quot;&quot;,&quot;jet_parallax_layout_bg_x&quot;:50,&quot;jet_parallax_layout_bg_x_tablet&quot;:&quot;&quot;,&quot;jet_parallax_layout_bg_x_mobile&quot;:&quot;&quot;,&quot;jet_parallax_layout_bg_y&quot;:50,&quot;jet_parallax_layout_bg_y_tablet&quot;:&quot;&quot;,&quot;jet_parallax_layout_bg_y_mobile&quot;:&quot;&quot;,&quot;jet_parallax_layout_bg_size&quot;:&quot;auto&quot;,&quot;jet_parallax_layout_bg_size_tablet&quot;:&quot;&quot;,&quot;jet_parallax_layout_bg_size_mobile&quot;:&quot;&quot;,&quot;jet_parallax_layout_animation_prop&quot;:&quot;transform&quot;,&quot;jet_parallax_layout_on&quot;:[&quot;desktop&quot;,&quot;tablet&quot;]}],&quot;background_background&quot;:&quot;classic&quot;}\">\n\t\t\t\t\t\t\t<div class=\"elementor-background-overlay\"><\/div>\n\t\t\t\t\t\t\t<div class=\"elementor-container elementor-column-gap-default\">\n\t\t\t\t\t<div class=\"elementor-column elementor-col-100 elementor-top-column elementor-element elementor-element-587e492\" data-id=\"587e492\" data-element_type=\"column\" data-e-type=\"column\">\n\t\t\t<div class=\"elementor-widget-wrap\">\n\t\t\t\t\t\t\t<\/div>\n\t\t<\/div>\n\t\t\t\t\t<\/div>\n\t\t<\/section>\n\t\t\t\t<section class=\"elementor-section elementor-top-section elementor-element elementor-element-9873476 elementor-section-full_width elementor-section-height-full elementor-hidden-desktop elementor-hidden-tablet elementor-section-height-default elementor-section-items-middle\" data-id=\"9873476\" data-element_type=\"section\" data-e-type=\"section\" data-settings=\"{&quot;jet_parallax_layout_list&quot;:[{&quot;jet_parallax_layout_image&quot;:{&quot;url&quot;:&quot;&quot;,&quot;id&quot;:&quot;&quot;,&quot;size&quot;:&quot;&quot;},&quot;_id&quot;:&quot;bbbbf4e&quot;,&quot;jet_parallax_layout_image_tablet&quot;:{&quot;url&quot;:&quot;&quot;,&quot;id&quot;:&quot;&quot;,&quot;size&quot;:&quot;&quot;},&quot;jet_parallax_layout_image_mobile&quot;:{&quot;url&quot;:&quot;&quot;,&quot;id&quot;:&quot;&quot;,&quot;size&quot;:&quot;&quot;},&quot;jet_parallax_layout_speed&quot;:{&quot;unit&quot;:&quot;%&quot;,&quot;size&quot;:50,&quot;sizes&quot;:[]},&quot;jet_parallax_layout_type&quot;:&quot;scroll&quot;,&quot;jet_parallax_layout_direction&quot;:&quot;1&quot;,&quot;jet_parallax_layout_fx_direction&quot;:null,&quot;jet_parallax_layout_z_index&quot;:&quot;&quot;,&quot;jet_parallax_layout_bg_x&quot;:50,&quot;jet_parallax_layout_bg_x_tablet&quot;:&quot;&quot;,&quot;jet_parallax_layout_bg_x_mobile&quot;:&quot;&quot;,&quot;jet_parallax_layout_bg_y&quot;:50,&quot;jet_parallax_layout_bg_y_tablet&quot;:&quot;&quot;,&quot;jet_parallax_layout_bg_y_mobile&quot;:&quot;&quot;,&quot;jet_parallax_layout_bg_size&quot;:&quot;auto&quot;,&quot;jet_parallax_layout_bg_size_tablet&quot;:&quot;&quot;,&quot;jet_parallax_layout_bg_size_mobile&quot;:&quot;&quot;,&quot;jet_parallax_layout_animation_prop&quot;:&quot;transform&quot;,&quot;jet_parallax_layout_on&quot;:[&quot;desktop&quot;,&quot;tablet&quot;]}],&quot;background_background&quot;:&quot;classic&quot;}\">\n\t\t\t\t\t\t<div class=\"elementor-container elementor-column-gap-default\">\n\t\t\t\t\t<div class=\"elementor-column elementor-col-100 elementor-top-column elementor-element elementor-element-9482eb8\" data-id=\"9482eb8\" data-element_type=\"column\" data-e-type=\"column\">\n\t\t\t<div class=\"elementor-widget-wrap elementor-element-populated\">\n\t\t\t\t\t\t<div class=\"elementor-element elementor-element-f61663e elementor-widget elementor-widget-spacer\" data-id=\"f61663e\" data-element_type=\"widget\" data-e-type=\"widget\" data-widget_type=\"spacer.default\">\n\t\t\t\t<div class=\"elementor-widget-container\">\n\t\t\t\t\t\t\t<div class=\"elementor-spacer\">\n\t\t\t<div class=\"elementor-spacer-inner\"><\/div>\n\t\t<\/div>\n\t\t\t\t\t\t<\/div>\n\t\t\t\t<\/div>\n\t\t\t\t\t<\/div>\n\t\t<\/div>\n\t\t\t\t\t<\/div>\n\t\t<\/section>\n\t\t<div class=\"elementor-element elementor-element-f3be5a9 e-flex e-con-boxed e-con e-parent\" data-id=\"f3be5a9\" data-element_type=\"container\" data-e-type=\"container\" data-settings=\"{&quot;jet_parallax_layout_list&quot;:[]}\">\n\t\t\t\t\t<div class=\"e-con-inner\">\n\t\t\t\t<div class=\"elementor-element elementor-element-553de64 elementor-widget elementor-widget-heading\" data-id=\"553de64\" data-element_type=\"widget\" data-e-type=\"widget\" data-widget_type=\"heading.default\">\n\t\t\t\t<div class=\"elementor-widget-container\">\n\t\t\t\t\t<h2 class=\"elementor-heading-title elementor-size-default\">Septembre au Belize : Votre guide complet des c\u00e9l\u00e9brations, du carnaval et du mois de l'ind\u00e9pendance\n<\/h2>\t\t\t\t<\/div>\n\t\t\t\t<\/div>\n\t\t\t\t\t<\/div>\n\t\t\t\t<\/div>\n\t\t<div class=\"elementor-element elementor-element-8de428a e-flex e-con-boxed e-con e-parent\" data-id=\"8de428a\" data-element_type=\"container\" data-e-type=\"container\" data-settings=\"{&quot;jet_parallax_layout_list&quot;:[]}\">\n\t\t\t\t\t<div class=\"e-con-inner\">\n\t\t<div class=\"elementor-element elementor-element-d8d31a1 e-con-full e-flex e-con e-child\" data-id=\"d8d31a1\" data-element_type=\"container\" data-e-type=\"container\" data-settings=\"{&quot;jet_parallax_layout_list&quot;:[]}\">\n\t\t\t\t<div class=\"elementor-element elementor-element-ce0836f elementor-widget__width-initial elementor-widget elementor-widget-text-editor\" data-id=\"ce0836f\" data-element_type=\"widget\" data-e-type=\"widget\" data-widget_type=\"text-editor.default\">\n\t\t\t\t<div class=\"elementor-widget-container\">\n\t\t\t\t\t\t\t\t\t<p><span style=\"font-weight: 400;\">S&rsquo;il y a un mois qui capture le c\u0153ur et l&rsquo;\u00e2me du Belize, c&rsquo;est bien septembre. Alors que de nombreux voyageurs associent le Belize aux eaux turquoise, aux anciens temples mayas et aux for\u00eats tropicales luxuriantes, septembre r\u00e9v\u00e8le une autre facette du pays, remplie de musique, de patriotisme, de d\u00e9fil\u00e9s color\u00e9s, de traditions culturelles et de communaut\u00e9s qui se rassemblent pour c\u00e9l\u00e9brer ce que signifie \u00eatre B\u00e9lizien.  <\/span><span style=\"font-weight: 400;\"><br><\/span><span style=\"font-weight: 400;\"><br><\/span><span style=\"font-weight: 400;\"> \u00c0 travers le pays, les rues sont d\u00e9cor\u00e9es de rouge, de blanc et de bleu. Le son des tambours r\u00e9sonne dans les villages et les villes, les drapeaux flottent fi\u00e8rement sur les maisons et les entreprises, et les familles se r\u00e9unissent pour c\u00e9l\u00e9brer deux des f\u00eates les plus importantes de la nation. <\/span><span style=\"font-weight: 400;\"><br><\/span><span style=\"font-weight: 400;\"><br><\/span><span style=\"font-weight: 400;\"> Pour les visiteurs, c&rsquo;est l&rsquo;une des p\u00e9riodes les plus excitantes de l&rsquo;ann\u00e9e pour d\u00e9couvrir le Belize au-del\u00e0 de ses paysages \u00e0 couper le souffle. C&rsquo;est l&rsquo;occasion de vous immerger dans les traditions locales, de rencontrer des communaut\u00e9s accueillantes, de profiter de festivals anim\u00e9s et de t\u00e9moigner de la fiert\u00e9 qui d\u00e9finit ce pays remarquable. <\/span><span style=\"font-weight: 400;\"><br><\/span><span style=\"font-weight: 400;\"><br><\/span><span style=\"font-weight: 400;\">Que vous exploriez la for\u00eat tropicale, vous d\u00e9tendiez au bord de la mer des Cara\u00efbes ou participiez aux festivit\u00e9s, septembre offre des vacances pas comme les autres.<\/span><\/p>\t\t\t\t\t\t\t\t<\/div>\n\t\t\t\t<\/div>\n\t\t\t\t<\/div>\n\t\t\t\t\t<\/div>\n\t\t\t\t<\/div>\n\t\t<div class=\"elementor-element elementor-element-74d1d3e e-flex e-con-boxed e-con e-parent\" data-id=\"74d1d3e\" data-element_type=\"container\" data-e-type=\"container\" data-settings=\"{&quot;jet_parallax_layout_list&quot;:[]}\">\n\t\t\t\t\t<div class=\"e-con-inner\">\n\t\t<div class=\"elementor-element elementor-element-3d17643 e-con-full e-flex e-con e-child\" data-id=\"3d17643\" data-element_type=\"container\" data-e-type=\"container\" data-settings=\"{&quot;jet_parallax_layout_list&quot;:[]}\">\n\t\t\t\t<div class=\"elementor-element elementor-element-fc04eaa elementor-widget__width-initial elementor-widget elementor-widget-text-editor\" data-id=\"fc04eaa\" data-element_type=\"widget\" data-e-type=\"widget\" data-widget_type=\"text-editor.default\">\n\t\t\t\t<div class=\"elementor-widget-container\">\n\t\t\t\t\t\t\t\t\t<p><b>Pourquoi septembre est le mois de la plus grande c\u00e9l\u00e9bration du Belize<\/b><\/p>\t\t\t\t\t\t\t\t<\/div>\n\t\t\t\t<\/div>\n\t\t\t\t<div class=\"elementor-element elementor-element-6645e49 elementor-widget__width-initial elementor-widget elementor-widget-text-editor\" data-id=\"6645e49\" data-element_type=\"widget\" data-e-type=\"widget\" data-widget_type=\"text-editor.default\">\n\t\t\t\t<div class=\"elementor-widget-container\">\n\t\t\t\t\t\t\t\t\t<p><span style=\"font-weight: 400;\">Les c\u00e9l\u00e9brations de septembre, cette f\u00eate nationale d&rsquo;un mois, honorent l&rsquo;histoire, la r\u00e9silience et l&rsquo;ind\u00e9pendance du Belize.<\/span><span style=\"font-weight: 400;\"><br\/><\/span><span style=\"font-weight: 400;\"><br\/><\/span><span style=\"font-weight: 400;\"> Tout au long du mois de septembre, presque toutes les villes et tous les villages organisent des \u00e9v\u00e9nements communautaires, des concerts, des comp\u00e9titions sportives, des spectacles culturels, des festivals gastronomiques et des activit\u00e9s familiales. Les entreprises locales d\u00e9corent leurs vitrines aux couleurs patriotiques, les \u00e9coles organisent des spectacles, et l&rsquo;esprit de f\u00eate incomparable se fait sentir partout o\u00f9 vous allez.<\/span><span style=\"font-weight: 400;\"><br\/><\/span><span style=\"font-weight: 400;\"><br\/><\/span><span style=\"font-weight: 400;\"> Contrairement \u00e0 de nombreuses f\u00eates nationales dans le monde qui ne durent qu&rsquo;un jour ou deux, le Belize c\u00e9l\u00e8bre tout au long du mois, cr\u00e9ant une atmosph\u00e8re festive du d\u00e9but \u00e0 la fin.<\/span><\/p><p><span style=\"font-weight: 400;\">Le lodge constitue une base id\u00e9ale pour d\u00e9couvrir certaines des aventures int\u00e9rieures les plus pris\u00e9es du Belize. Les clients peuvent parcourir les sentiers de la jungle, descendre la rivi\u00e8re en kayak, explorer des grottes et des cascades, ou faire de l\u2019\u00e9quitation \u00e0 The Stables. Pour une soir\u00e9e vraiment m\u00e9morable, le \u00ab Dinner on the Cliff \u00bb associe des vues magnifiques sur la for\u00eat tropicale \u00e0 une exp\u00e9rience culinaire exceptionnelle.  <\/span><\/p><p><span style=\"font-weight: 400;\">Que vos journ\u00e9es soient remplies d\u2019aventures ou de moments de calme dans un hamac.<\/span><\/p>\t\t\t\t\t\t\t\t<\/div>\n\t\t\t\t<\/div>\n\t\t\t\t<\/div>\n\t\t<div class=\"elementor-element elementor-element-4a355a3 e-con-full e-flex e-con e-child\" data-id=\"4a355a3\" data-element_type=\"container\" data-e-type=\"container\" data-settings=\"{&quot;background_background&quot;:&quot;classic&quot;,&quot;jet_parallax_layout_list&quot;:[]}\">\n\t\t\t\t<div class=\"elementor-element elementor-element-ee0ce63 elementor-widget elementor-widget-spacer\" data-id=\"ee0ce63\" data-element_type=\"widget\" data-e-type=\"widget\" data-widget_type=\"spacer.default\">\n\t\t\t\t<div class=\"elementor-widget-container\">\n\t\t\t\t\t\t\t<div class=\"elementor-spacer\">\n\t\t\t<div class=\"elementor-spacer-inner\"><\/div>\n\t\t<\/div>\n\t\t\t\t\t\t<\/div>\n\t\t\t\t<\/div>\n\t\t\t\t<\/div>\n\t\t\t\t\t<\/div>\n\t\t\t\t<\/div>\n\t\t<div class=\"elementor-element elementor-element-76167bd e-flex e-con-boxed e-con e-parent\" data-id=\"76167bd\" data-element_type=\"container\" data-e-type=\"container\" data-settings=\"{&quot;jet_parallax_layout_list&quot;:[]}\">\n\t\t\t\t\t<div class=\"e-con-inner\">\n\t\t<div class=\"elementor-element elementor-element-4681d33 e-con-full e-flex e-con e-child\" data-id=\"4681d33\" data-element_type=\"container\" data-e-type=\"container\" data-settings=\"{&quot;background_background&quot;:&quot;classic&quot;,&quot;jet_parallax_layout_list&quot;:[]}\">\n\t\t\t\t<div class=\"elementor-element elementor-element-9c37397 elementor-widget elementor-widget-spacer\" data-id=\"9c37397\" data-element_type=\"widget\" data-e-type=\"widget\" data-widget_type=\"spacer.default\">\n\t\t\t\t<div class=\"elementor-widget-container\">\n\t\t\t\t\t\t\t<div class=\"elementor-spacer\">\n\t\t\t<div class=\"elementor-spacer-inner\"><\/div>\n\t\t<\/div>\n\t\t\t\t\t\t<\/div>\n\t\t\t\t<\/div>\n\t\t\t\t<\/div>\n\t\t<div class=\"elementor-element elementor-element-d8b3faf e-con-full e-flex e-con e-child\" data-id=\"d8b3faf\" data-element_type=\"container\" data-e-type=\"container\" data-settings=\"{&quot;jet_parallax_layout_list&quot;:[]}\">\n\t\t\t\t<div class=\"elementor-element elementor-element-b5ec36e elementor-widget__width-initial elementor-widget elementor-widget-text-editor\" data-id=\"b5ec36e\" data-element_type=\"widget\" data-e-type=\"widget\" data-widget_type=\"text-editor.default\">\n\t\t\t\t<div class=\"elementor-widget-container\">\n\t\t\t\t\t\t\t\t\t<p><b>10 septembre : Journ\u00e9e de St. George&rsquo;s Caye<\/b><\/p>\t\t\t\t\t\t\t\t<\/div>\n\t\t\t\t<\/div>\n\t\t\t\t<div class=\"elementor-element elementor-element-5b3434f elementor-widget__width-initial elementor-widget elementor-widget-text-editor\" data-id=\"5b3434f\" data-element_type=\"widget\" data-e-type=\"widget\" data-widget_type=\"text-editor.default\">\n\t\t\t\t<div class=\"elementor-widget-container\">\n\t\t\t\t\t\t\t\t\t<p><span style=\"font-weight: 400;\">Les c\u00e9l\u00e9brations commencent avec la Journ\u00e9e de St. George&rsquo;s Caye, comm\u00e9mor\u00e9e chaque ann\u00e9e le 10 septembre.<\/span><span style=\"font-weight: 400;\"><br\/><\/span><span style=\"font-weight: 400;\"><br\/><\/span><span style=\"font-weight: 400;\"> Cette f\u00eate marque la bataille historique de St. George&rsquo;s Caye en 1798, lorsque les colons et les Baymen asservis ont d\u00e9fendu avec succ\u00e8s le territoire contre les forces espagnoles. Les visiteurs peuvent profiter de d\u00e9fil\u00e9s patriotiques, de fanfares, de c\u00e9r\u00e9monies de lever de drapeau et de spectacles culturels tout en d\u00e9couvrant l&rsquo;un des moments historiques d\u00e9terminants du Belize.<\/span><\/p><p><span style=\"font-weight: 400;\">Des villas priv\u00e9es, dont beaucoup disposent de leur propre bassin de plong\u00e9e, offrent tout l\u2019espace n\u00e9cessaire pour se d\u00e9tendre apr\u00e8s une journ\u00e9e d\u2019exploration dans le district de Cayo. Les clients peuvent pagayer le long de la rivi\u00e8re, profiter du cadre naturel ou d\u00eener au Humo Restaurant &#038; Bar, o\u00f9 une cuisine d\u2019inspiration locale est servie dans un cadre pittoresque au bord de l\u2019eau. <\/span><\/p><p><span style=\"font-weight: 400;\">Sa situation centrale fait \u00e9galement de The Banks un excellent point de d\u00e9part pour visiter les sites arch\u00e9ologiques mayas, les r\u00e9seaux de grottes, les r\u00e9serves naturelles et d\u2019autres attractions int\u00e9rieures des environs, avant de retrouver la tranquillit\u00e9 du complexe.<\/span><\/p>\t\t\t\t\t\t\t\t<\/div>\n\t\t\t\t<\/div>\n\t\t\t\t<\/div>\n\t\t\t\t\t<\/div>\n\t\t\t\t<\/div>\n\t\t<div class=\"elementor-element elementor-element-2027fe5 e-flex e-con-boxed e-con e-parent\" data-id=\"2027fe5\" data-element_type=\"container\" data-e-type=\"container\" data-settings=\"{&quot;jet_parallax_layout_list&quot;:[]}\">\n\t\t\t\t\t<div class=\"e-con-inner\">\n\t\t<div class=\"elementor-element elementor-element-5909026 e-con-full e-flex e-con e-child\" data-id=\"5909026\" data-element_type=\"container\" data-e-type=\"container\" data-settings=\"{&quot;jet_parallax_layout_list&quot;:[]}\">\n\t\t\t\t<div class=\"elementor-element elementor-element-036cade elementor-widget__width-initial elementor-widget elementor-widget-text-editor\" data-id=\"036cade\" data-element_type=\"widget\" data-e-type=\"widget\" data-widget_type=\"text-editor.default\">\n\t\t\t\t<div class=\"elementor-widget-container\">\n\t\t\t\t\t\t\t\t\t<p><b>21 septembre : Jour de l&rsquo;Ind\u00e9pendance du Belize<\/b><\/p>\t\t\t\t\t\t\t\t<\/div>\n\t\t\t\t<\/div>\n\t\t\t\t<div class=\"elementor-element elementor-element-210168e elementor-widget__width-initial elementor-widget elementor-widget-text-editor\" data-id=\"210168e\" data-element_type=\"widget\" data-e-type=\"widget\" data-widget_type=\"text-editor.default\">\n\t\t\t\t<div class=\"elementor-widget-container\">\n\t\t\t\t\t\t\t\t\t<p><span style=\"font-weight: 400;\">Le 21 septembre 1981, le Belize a officiellement obtenu son ind\u00e9pendance. Aujourd&rsquo;hui, la nation c\u00e9l\u00e8bre avec des d\u00e9fil\u00e9s anim\u00e9s, des feux d&rsquo;artifice, des concerts, des f\u00eates de rue et une cuisine traditionnelle, alors que les familles et les communaut\u00e9s se r\u00e9unissent dans une d\u00e9monstration vibrante de fiert\u00e9 nationale. Le th\u00e8me de cette ann\u00e9e, <\/span><b>\u00ab Regardez-moi. Je suis le Belize \u00e0 45 ans \u00bb,<\/b><span style=\"font-weight: 400;\"> honore la r\u00e9silience, la diversit\u00e9 et les contributions quotidiennes des B\u00e9liziens tout en c\u00e9l\u00e9brant 45 ans d&rsquo;ind\u00e9pendance. C&rsquo;est l&rsquo;une des meilleures p\u00e9riodes pour d\u00e9couvrir la richesse culturelle du pays, son hospitalit\u00e9 chaleureuse et son esprit patriotique incomparable.<\/span><\/p>\t\t\t\t\t\t\t\t<\/div>\n\t\t\t\t<\/div>\n\t\t\t\t<\/div>\n\t\t<div class=\"elementor-element elementor-element-8480f4c e-con-full e-flex e-con e-child\" data-id=\"8480f4c\" data-element_type=\"container\" data-e-type=\"container\" data-settings=\"{&quot;background_background&quot;:&quot;classic&quot;,&quot;jet_parallax_layout_list&quot;:[]}\">\n\t\t\t\t<div class=\"elementor-element elementor-element-5bb041f elementor-widget elementor-widget-spacer\" data-id=\"5bb041f\" data-element_type=\"widget\" data-e-type=\"widget\" data-widget_type=\"spacer.default\">\n\t\t\t\t<div class=\"elementor-widget-container\">\n\t\t\t\t\t\t\t<div class=\"elementor-spacer\">\n\t\t\t<div class=\"elementor-spacer-inner\"><\/div>\n\t\t<\/div>\n\t\t\t\t\t\t<\/div>\n\t\t\t\t<\/div>\n\t\t\t\t<\/div>\n\t\t\t\t\t<\/div>\n\t\t\t\t<\/div>\n\t\t<div class=\"elementor-element elementor-element-a54e5c1 e-flex e-con-boxed e-con e-parent\" data-id=\"a54e5c1\" data-element_type=\"container\" data-e-type=\"container\" data-settings=\"{&quot;jet_parallax_layout_list&quot;:[]}\">\n\t\t\t\t\t<div class=\"e-con-inner\">\n\t\t<div class=\"elementor-element elementor-element-d50a91c e-con-full e-flex e-con e-child\" data-id=\"d50a91c\" data-element_type=\"container\" data-e-type=\"container\" data-settings=\"{&quot;background_background&quot;:&quot;classic&quot;,&quot;jet_parallax_layout_list&quot;:[]}\">\n\t\t\t\t<div class=\"elementor-element elementor-element-6109fc4 elementor-widget elementor-widget-spacer\" data-id=\"6109fc4\" data-element_type=\"widget\" data-e-type=\"widget\" data-widget_type=\"spacer.default\">\n\t\t\t\t<div class=\"elementor-widget-container\">\n\t\t\t\t\t\t\t<div class=\"elementor-spacer\">\n\t\t\t<div class=\"elementor-spacer-inner\"><\/div>\n\t\t<\/div>\n\t\t\t\t\t\t<\/div>\n\t\t\t\t<\/div>\n\t\t\t\t<\/div>\n\t\t<div class=\"elementor-element elementor-element-609cba6 e-con-full e-flex e-con e-child\" data-id=\"609cba6\" data-element_type=\"container\" data-e-type=\"container\" data-settings=\"{&quot;jet_parallax_layout_list&quot;:[]}\">\n\t\t\t\t<div class=\"elementor-element elementor-element-15a8d48 elementor-widget__width-initial elementor-widget elementor-widget-text-editor\" data-id=\"15a8d48\" data-element_type=\"widget\" data-e-type=\"widget\" data-widget_type=\"text-editor.default\">\n\t\t\t\t<div class=\"elementor-widget-container\">\n\t\t\t\t\t\t\t\t\t<p><b>Vivez l&rsquo;\u00e9nergie du carnaval du Belize<\/b><\/p>\t\t\t\t\t\t\t\t<\/div>\n\t\t\t\t<\/div>\n\t\t\t\t<div class=\"elementor-element elementor-element-8e8048f elementor-widget__width-initial elementor-widget elementor-widget-text-editor\" data-id=\"8e8048f\" data-element_type=\"widget\" data-e-type=\"widget\" data-widget_type=\"text-editor.default\">\n\t\t\t\t<div class=\"elementor-widget-container\">\n\t\t\t\t\t\t\t\t\t<p><span style=\"font-weight: 400;\">L&rsquo;un des moments forts de septembre est le carnaval du Belize.<\/span><span style=\"font-weight: 400;\"><br\/><\/span><span style=\"font-weight: 400;\"><br\/><\/span><span style=\"font-weight: 400;\"> En 2026, le spectaculaire d\u00e9fil\u00e9 de rue du carnaval aura lieu le 5 septembre \u00e0 Belize City, avec des groupes de masques \u00e9blouissants, des c\u00e9l\u00e9brations J&rsquo;ouvert t\u00f4t le matin, des f\u00eates de rue \u00e9nergiques, des costumes \u00e9labor\u00e9s et des rythmes Soca et carib\u00e9ens non-stop.<\/span><span style=\"font-weight: 400;\"><br\/><\/span><span style=\"font-weight: 400;\"><br\/><\/span><span style=\"font-weight: 400;\"> Des milliers de spectateurs bordent les rues tandis que les artistes dansent \u00e0 travers la ville dans des couleurs \u00e9clatantes. L&rsquo;atmosph\u00e8re est \u00e9lectrique et accueillante, faisant du carnaval l&rsquo;une des exp\u00e9riences culturelles les plus inoubliables du pays.<\/span><\/p>\t\t\t\t\t\t\t\t<\/div>\n\t\t\t\t<\/div>\n\t\t\t\t<\/div>\n\t\t\t\t\t<\/div>\n\t\t\t\t<\/div>\n\t\t<div class=\"elementor-element elementor-element-0bce0ea e-flex e-con-boxed e-con e-parent\" data-id=\"0bce0ea\" data-element_type=\"container\" data-e-type=\"container\" data-settings=\"{&quot;jet_parallax_layout_list&quot;:[]}\">\n\t\t\t\t\t<div class=\"e-con-inner\">\n\t\t<div class=\"elementor-element elementor-element-b3e3d79 e-con-full e-flex e-con e-child\" data-id=\"b3e3d79\" data-element_type=\"container\" data-e-type=\"container\" data-settings=\"{&quot;jet_parallax_layout_list&quot;:[]}\">\n\t\t\t\t<div class=\"elementor-element elementor-element-70f14c0 elementor-widget__width-initial elementor-widget elementor-widget-text-editor\" data-id=\"70f14c0\" data-element_type=\"widget\" data-e-type=\"widget\" data-widget_type=\"text-editor.default\">\n\t\t\t\t<div class=\"elementor-widget-container\">\n\t\t\t\t\t\t\t\t\t<p><b>Au-del\u00e0 des c\u00e9l\u00e9brations : septembre est toujours le moment id\u00e9al pour explorer<\/b><\/p>\t\t\t\t\t\t\t\t<\/div>\n\t\t\t\t<\/div>\n\t\t\t\t<div class=\"elementor-element elementor-element-936b79e elementor-widget__width-initial elementor-widget elementor-widget-text-editor\" data-id=\"936b79e\" data-element_type=\"widget\" data-e-type=\"widget\" data-widget_type=\"text-editor.default\">\n\t\t\t\t<div class=\"elementor-widget-container\">\n\t\t\t\t\t\t\t\t\t<p><span style=\"font-weight: 400;\">Septembre est \u00e9galement une excellente p\u00e9riode pour d\u00e9couvrir la beaut\u00e9 naturelle du Belize. Les paysages sont luxuriants, les cascades coulent \u00e0 flot et la faune est abondante. <\/span><span style=\"font-weight: 400;\"><br><\/span><span style=\"font-weight: 400;\"><br><\/span><span style=\"font-weight: 400;\"> Explorez la l\u00e9gendaire grotte ATM, l&rsquo;une des plus grandes aventures sp\u00e9l\u00e9ologiques au monde, ou flottez \u00e0 travers d&rsquo;anciens syst\u00e8mes de grottes lors d&rsquo;une excursion relaxante en tubing.<\/span><span style=\"font-weight: 400;\"><br><\/span><span style=\"font-weight: 400;\"><br><\/span><span style=\"font-weight: 400;\"> Les amoureux de la nature devraient \u00e9galement visiter le sanctuaire de faune de Cockscomb Basin, la premi\u00e8re r\u00e9serve de jaguars au monde, o\u00f9 les sentiers de randonn\u00e9e, les cascades, les oiseaux tropicaux et les paysages de for\u00eat tropicale cr\u00e9ent une aventure inoubliable.<\/span><span style=\"font-weight: 400;\"><br><\/span><span style=\"font-weight: 400;\"><br><\/span><span style=\"font-weight: 400;\"> Ces exp\u00e9riences s&rsquo;accordent parfaitement avec un s\u00e9jour au Rainforest Lodge at Sleeping Giant, mettant les aventures int\u00e9rieures les plus embl\u00e9matiques du Belize \u00e0 port\u00e9e de main.<\/span><\/p>\t\t\t\t\t\t\t\t<\/div>\n\t\t\t\t<\/div>\n\t\t\t\t<\/div>\n\t\t<div class=\"elementor-element elementor-element-3cbe241 e-con-full e-flex e-con e-child\" data-id=\"3cbe241\" data-element_type=\"container\" data-e-type=\"container\" data-settings=\"{&quot;background_background&quot;:&quot;classic&quot;,&quot;jet_parallax_layout_list&quot;:[]}\">\n\t\t\t\t<div class=\"elementor-element elementor-element-a33a346 elementor-widget elementor-widget-spacer\" data-id=\"a33a346\" data-element_type=\"widget\" data-e-type=\"widget\" data-widget_type=\"spacer.default\">\n\t\t\t\t<div class=\"elementor-widget-container\">\n\t\t\t\t\t\t\t<div class=\"elementor-spacer\">\n\t\t\t<div class=\"elementor-spacer-inner\"><\/div>\n\t\t<\/div>\n\t\t\t\t\t\t<\/div>\n\t\t\t\t<\/div>\n\t\t\t\t<\/div>\n\t\t\t\t\t<\/div>\n\t\t\t\t<\/div>\n\t\t<div class=\"elementor-element elementor-element-5306e18 e-flex e-con-boxed e-con e-parent\" data-id=\"5306e18\" data-element_type=\"container\" data-e-type=\"container\" data-settings=\"{&quot;jet_parallax_layout_list&quot;:[]}\">\n\t\t\t\t\t<div class=\"e-con-inner\">\n\t\t<div class=\"elementor-element elementor-element-d20b1a1 e-con-full e-flex e-con e-child\" data-id=\"d20b1a1\" data-element_type=\"container\" data-e-type=\"container\" data-settings=\"{&quot;background_background&quot;:&quot;classic&quot;,&quot;jet_parallax_layout_list&quot;:[]}\">\n\t\t\t\t<div class=\"elementor-element elementor-element-54dcd84 elementor-widget elementor-widget-spacer\" data-id=\"54dcd84\" data-element_type=\"widget\" data-e-type=\"widget\" data-widget_type=\"spacer.default\">\n\t\t\t\t<div class=\"elementor-widget-container\">\n\t\t\t\t\t\t\t<div class=\"elementor-spacer\">\n\t\t\t<div class=\"elementor-spacer-inner\"><\/div>\n\t\t<\/div>\n\t\t\t\t\t\t<\/div>\n\t\t\t\t<\/div>\n\t\t\t\t<\/div>\n\t\t<div class=\"elementor-element elementor-element-8e0c029 e-con-full e-flex e-con e-child\" data-id=\"8e0c029\" data-element_type=\"container\" data-e-type=\"container\" data-settings=\"{&quot;jet_parallax_layout_list&quot;:[]}\">\n\t\t\t\t<div class=\"elementor-element elementor-element-15eb489 elementor-widget__width-initial elementor-widget elementor-widget-text-editor\" data-id=\"15eb489\" data-element_type=\"widget\" data-e-type=\"widget\" data-widget_type=\"text-editor.default\">\n\t\t\t\t<div class=\"elementor-widget-container\">\n\t\t\t\t\t\t\t\t\t<p><b>C\u00e9l\u00e9brez le long de la magnifique c\u00f4te du Belize<\/b><\/p>\t\t\t\t\t\t\t\t<\/div>\n\t\t\t\t<\/div>\n\t\t\t\t<div class=\"elementor-element elementor-element-ca27e58 elementor-widget__width-initial elementor-widget elementor-widget-text-editor\" data-id=\"ca27e58\" data-element_type=\"widget\" data-e-type=\"widget\" data-widget_type=\"text-editor.default\">\n\t\t\t\t<div class=\"elementor-widget-container\">\n\t\t\t\t\t\t\t\t\t<p><span style=\"font-weight: 400;\">Le sud du Belize \u00e9quilibre parfaitement les c\u00e9l\u00e9brations culturelles et la d\u00e9tente tropicale.<\/span><span style=\"font-weight: 400;\"><br><\/span><span style=\"font-weight: 400;\"><br><\/span><span style=\"font-weight: 400;\"> Les clients du Lodge at Jaguar Reef peuvent combiner la d\u00e9tente en bord de mer avec des exp\u00e9riences culturelles garifunas et un acc\u00e8s facile au bassin de Cockscomb.<\/span><span style=\"font-weight: 400;\"><br><\/span><span style=\"font-weight: 400;\"><br><\/span><span style=\"font-weight: 400;\"> \u00c0 l&rsquo;Umaya Resort &#038; Adventures, les visiteurs peuvent profiter des plages de Placencia, pagayer sur le lagon, faire de la plong\u00e9e avec tuba sur la barri\u00e8re de corail du Belize et vivre les festivit\u00e9s locales de septembre.<\/span><span style=\"font-weight: 400;\"><br><\/span><span style=\"font-weight: 400;\"><br><\/span><span style=\"font-weight: 400;\"> Apr\u00e8s les c\u00e9l\u00e9brations, d\u00e9tendez-vous au bord de la rivi\u00e8re au Banks Resort ou \u00e9vadez-vous \u00e0 Blue Reef Island pour une retraite paisible sur une \u00eele priv\u00e9e entour\u00e9e des eaux turquoise des Cara\u00efbes.<\/span><\/p>\t\t\t\t\t\t\t\t<\/div>\n\t\t\t\t<\/div>\n\t\t\t\t<\/div>\n\t\t\t\t\t<\/div>\n\t\t\t\t<\/div>\n\t\t<div class=\"elementor-element elementor-element-d9f8eb3 e-flex e-con-boxed e-con e-parent\" data-id=\"d9f8eb3\" data-element_type=\"container\" data-e-type=\"container\" data-settings=\"{&quot;jet_parallax_layout_list&quot;:[]}\">\n\t\t\t\t\t<div class=\"e-con-inner\">\n\t\t<div class=\"elementor-element elementor-element-912be25 e-con-full e-flex e-con e-child\" data-id=\"912be25\" data-element_type=\"container\" data-e-type=\"container\" data-settings=\"{&quot;jet_parallax_layout_list&quot;:[]}\">\n\t\t\t\t<div class=\"elementor-element elementor-element-fdd7802 elementor-widget__width-initial elementor-widget elementor-widget-text-editor\" data-id=\"fdd7802\" data-element_type=\"widget\" data-e-type=\"widget\" data-widget_type=\"text-editor.default\">\n\t\t\t\t<div class=\"elementor-widget-container\">\n\t\t\t\t\t\t\t\t\t<p><b>Quel temps fait-il en septembre ?<\/b><\/p>\t\t\t\t\t\t\t\t<\/div>\n\t\t\t\t<\/div>\n\t\t\t\t<div class=\"elementor-element elementor-element-4280f7b elementor-widget__width-initial elementor-widget elementor-widget-text-editor\" data-id=\"4280f7b\" data-element_type=\"widget\" data-e-type=\"widget\" data-widget_type=\"text-editor.default\">\n\t\t\t\t<div class=\"elementor-widget-container\">\n\t\t\t\t\t\t\t\t\t<p><span style=\"font-weight: 400;\">Septembre est chaud, tropical et magnifiquement vert. Les temp\u00e9ratures diurnes moyennes varient entre 27 et 31 \u00b0C (80 et 88 \u00b0F). Bien que de br\u00e8ves averses tropicales soient possibles, elles sont souvent suivies de soleil, laissant les for\u00eats tropicales vibrantes et les paysages incroyablement photog\u00e9niques.  <\/span><\/p>\t\t\t\t\t\t\t\t<\/div>\n\t\t\t\t<\/div>\n\t\t\t\t<\/div>\n\t\t<div class=\"elementor-element elementor-element-59767cb e-con-full e-flex e-con e-child\" data-id=\"59767cb\" data-element_type=\"container\" data-e-type=\"container\" data-settings=\"{&quot;background_background&quot;:&quot;classic&quot;,&quot;jet_parallax_layout_list&quot;:[]}\">\n\t\t\t\t<div class=\"elementor-element elementor-element-f54c67b elementor-widget elementor-widget-spacer\" data-id=\"f54c67b\" data-element_type=\"widget\" data-e-type=\"widget\" data-widget_type=\"spacer.default\">\n\t\t\t\t<div class=\"elementor-widget-container\">\n\t\t\t\t\t\t\t<div class=\"elementor-spacer\">\n\t\t\t<div class=\"elementor-spacer-inner\"><\/div>\n\t\t<\/div>\n\t\t\t\t\t\t<\/div>\n\t\t\t\t<\/div>\n\t\t\t\t<\/div>\n\t\t\t\t\t<\/div>\n\t\t\t\t<\/div>\n\t\t<div class=\"elementor-element elementor-element-dc97834 e-flex e-con-boxed e-con e-parent\" data-id=\"dc97834\" data-element_type=\"container\" data-e-type=\"container\" data-settings=\"{&quot;jet_parallax_layout_list&quot;:[]}\">\n\t\t\t\t\t<div class=\"e-con-inner\">\n\t\t<div class=\"elementor-element elementor-element-f13892f e-con-full e-flex e-con e-child\" data-id=\"f13892f\" data-element_type=\"container\" data-e-type=\"container\" data-settings=\"{&quot;background_background&quot;:&quot;classic&quot;,&quot;jet_parallax_layout_list&quot;:[]}\">\n\t\t\t\t<div class=\"elementor-element elementor-element-b3a7278 elementor-widget elementor-widget-spacer\" data-id=\"b3a7278\" data-element_type=\"widget\" data-e-type=\"widget\" data-widget_type=\"spacer.default\">\n\t\t\t\t<div class=\"elementor-widget-container\">\n\t\t\t\t\t\t\t<div class=\"elementor-spacer\">\n\t\t\t<div class=\"elementor-spacer-inner\"><\/div>\n\t\t<\/div>\n\t\t\t\t\t\t<\/div>\n\t\t\t\t<\/div>\n\t\t\t\t<\/div>\n\t\t<div class=\"elementor-element elementor-element-5c34bc4 e-con-full e-flex e-con e-child\" data-id=\"5c34bc4\" data-element_type=\"container\" data-e-type=\"container\" data-settings=\"{&quot;jet_parallax_layout_list&quot;:[]}\">\n\t\t\t\t<div class=\"elementor-element elementor-element-5e45ea7 elementor-widget__width-initial elementor-widget elementor-widget-text-editor\" data-id=\"5e45ea7\" data-element_type=\"widget\" data-e-type=\"widget\" data-widget_type=\"text-editor.default\">\n\t\t\t\t<div class=\"elementor-widget-container\">\n\t\t\t\t\t\t\t\t\t<p><b>Que mettre dans votre valise pour vos vacances de septembre<\/b><\/p>\t\t\t\t\t\t\t\t<\/div>\n\t\t\t\t<\/div>\n\t\t\t\t<div class=\"elementor-element elementor-element-19393a6 elementor-widget__width-initial elementor-widget elementor-widget-text-editor\" data-id=\"19393a6\" data-element_type=\"widget\" data-e-type=\"widget\" data-widget_type=\"text-editor.default\">\n\t\t\t\t<div class=\"elementor-widget-container\">\n\t\t\t\t\t\t\t\t\t<p><span style=\"font-weight: 400;\">Emportez des v\u00eatements l\u00e9gers, des maillots de bain, des sandales, des chaussures de marche confortables, de la cr\u00e8me solaire, des lunettes de soleil, une bouteille d&rsquo;eau r\u00e9utilisable, un insectifuge et un imperm\u00e9able l\u00e9ger. N&rsquo;oubliez pas votre appareil photo, vous voudrez tout immortaliser, des costumes color\u00e9s du carnaval aux spectaculaires couchers de soleil des Cara\u00efbes. <\/span><\/p>\t\t\t\t\t\t\t\t<\/div>\n\t\t\t\t<\/div>\n\t\t\t\t<\/div>\n\t\t\t\t\t<\/div>\n\t\t\t\t<\/div>\n\t\t<div class=\"elementor-element elementor-element-29b9556 e-flex e-con-boxed e-con e-parent\" data-id=\"29b9556\" data-element_type=\"container\" data-e-type=\"container\" data-settings=\"{&quot;jet_parallax_layout_list&quot;:[]}\">\n\t\t\t\t\t<div class=\"e-con-inner\">\n\t\t<div class=\"elementor-element elementor-element-95e4b34 e-con-full e-flex e-con e-child\" data-id=\"95e4b34\" data-element_type=\"container\" data-e-type=\"container\" data-settings=\"{&quot;jet_parallax_layout_list&quot;:[]}\">\n\t\t\t\t<div class=\"elementor-element elementor-element-27bd4a1 elementor-widget__width-initial elementor-widget elementor-widget-text-editor\" data-id=\"27bd4a1\" data-element_type=\"widget\" data-e-type=\"widget\" data-widget_type=\"text-editor.default\">\n\t\t\t\t<div class=\"elementor-widget-container\">\n\t\t\t\t\t\t\t\t\t<p><b>Go\u00fbtez aux saveurs de septembre<\/b><\/p>\t\t\t\t\t\t\t\t<\/div>\n\t\t\t\t<\/div>\n\t\t\t\t<div class=\"elementor-element elementor-element-31bb964 elementor-widget__width-initial elementor-widget elementor-widget-text-editor\" data-id=\"31bb964\" data-element_type=\"widget\" data-e-type=\"widget\" data-widget_type=\"text-editor.default\">\n\t\t\t\t<div class=\"elementor-widget-container\">\n\t\t\t\t\t\t\t\t\t<p><span style=\"font-weight: 400;\">D\u00e9gustez les sp\u00e9cialit\u00e9s b\u00e9liziennes, notamment les fry jacks, le riz et les haricots avec du poulet en rago\u00fbt, les salbutes, les garnaches, les fruits de mer frais et la sp\u00e9cialit\u00e9 garifuna hudut. Accompagnez votre repas de jus de fruits tropicaux ou d&rsquo;un cocktail au rhum b\u00e9lizien tout en profitant de la musique live et des c\u00e9l\u00e9brations festives. <\/span><\/p>\t\t\t\t\t\t\t\t<\/div>\n\t\t\t\t<\/div>\n\t\t\t\t<\/div>\n\t\t<div class=\"elementor-element elementor-element-1daad16 e-con-full e-flex e-con e-child\" data-id=\"1daad16\" data-element_type=\"container\" data-e-type=\"container\" data-settings=\"{&quot;background_background&quot;:&quot;classic&quot;,&quot;jet_parallax_layout_list&quot;:[]}\">\n\t\t\t\t<div class=\"elementor-element elementor-element-0cf5e6d elementor-widget elementor-widget-spacer\" data-id=\"0cf5e6d\" data-element_type=\"widget\" data-e-type=\"widget\" data-widget_type=\"spacer.default\">\n\t\t\t\t<div class=\"elementor-widget-container\">\n\t\t\t\t\t\t\t<div class=\"elementor-spacer\">\n\t\t\t<div class=\"elementor-spacer-inner\"><\/div>\n\t\t<\/div>\n\t\t\t\t\t\t<\/div>\n\t\t\t\t<\/div>\n\t\t\t\t<\/div>\n\t\t\t\t\t<\/div>\n\t\t\t\t<\/div>\n\t\t<div class=\"elementor-element elementor-element-797efbe e-flex e-con-boxed e-con e-parent\" data-id=\"797efbe\" data-element_type=\"container\" data-e-type=\"container\" data-settings=\"{&quot;jet_parallax_layout_list&quot;:[]}\">\n\t\t\t\t\t<div class=\"e-con-inner\">\n\t\t<div class=\"elementor-element elementor-element-89cb3af e-con-full e-flex e-con e-child\" data-id=\"89cb3af\" data-element_type=\"container\" data-e-type=\"container\" data-settings=\"{&quot;jet_parallax_layout_list&quot;:[]}\">\n\t\t\t\t<div class=\"elementor-element elementor-element-29f7dc2 elementor-widget__width-initial elementor-widget elementor-widget-text-editor\" data-id=\"29f7dc2\" data-element_type=\"widget\" data-e-type=\"widget\" data-widget_type=\"text-editor.default\">\n\t\t\t\t<div class=\"elementor-widget-container\">\n\t\t\t\t\t\t\t\t\t<p><b>D\u00e9couvrez le c\u0153ur du Belize<\/b><\/p>\t\t\t\t\t\t\t\t<\/div>\n\t\t\t\t<\/div>\n\t\t\t\t<div class=\"elementor-element elementor-element-354fa6b elementor-widget__width-initial elementor-widget elementor-widget-text-editor\" data-id=\"354fa6b\" data-element_type=\"widget\" data-e-type=\"widget\" data-widget_type=\"text-editor.default\">\n\t\t\t\t<div class=\"elementor-widget-container\">\n\t\t\t\t\t\t\t\t\t<p><span style=\"font-weight: 400;\">Septembre est plus qu&rsquo;une c\u00e9l\u00e9bration, c&rsquo;est le moment o\u00f9 le Belize partage fi\u00e8rement son histoire, sa culture, ses traditions et son hospitalit\u00e9 avec le monde.<\/span><span style=\"font-weight: 400;\"><br\/><\/span><span style=\"font-weight: 400;\"><br\/><\/span><span style=\"font-weight: 400;\"> Que vous choisissiez d&rsquo;explorer d&rsquo;anciennes grottes, de vous d\u00e9tendre au Lodge at Jaguar Reef, de pagayer sur le lagon \u00e0 l&rsquo;Umaya Resort &#038; Adventures, de vous reconnecter avec la nature au Rainforest Lodge at Sleeping Giant, de vous pr\u00e9lasser au bord de la rivi\u00e8re au Banks Resort, ou de vous \u00e9vader \u00e0 Blue Reef Island, vous d\u00e9couvrirez rapidement pourquoi septembre est l&rsquo;une des p\u00e9riodes les plus gratifiantes pour visiter le Belize.<\/span><span style=\"font-weight: 400;\"><br\/><\/span><span style=\"font-weight: 400;\"><br\/><\/span><span style=\"font-weight: 400;\"> Venez pour les c\u00e9l\u00e9brations. Restez pour l&rsquo;aventure. Repartez avec des souvenirs et un peu de l&rsquo;esprit b\u00e9lizien qui restera avec vous bien apr\u00e8s la fin de septembre.<\/span><\/p>\t\t\t\t\t\t\t\t<\/div>\n\t\t\t\t<\/div>\n\t\t\t\t<\/div>\n\t\t\t\t\t<\/div>\n\t\t\t\t<\/div>\n\t\t<div class=\"elementor-element elementor-element-ed5d3d6 e-flex e-con-boxed e-con e-parent\" data-id=\"ed5d3d6\" data-element_type=\"container\" data-e-type=\"container\" data-settings=\"{&quot;jet_parallax_layout_list&quot;:[]}\">\n\t\t\t\t\t<div class=\"e-con-inner\">\n\t\t\t\t<div class=\"elementor-element elementor-element-ed1d826 elementor-widget elementor-widget-spacer\" data-id=\"ed1d826\" data-element_type=\"widget\" data-e-type=\"widget\" data-widget_type=\"spacer.default\">\n\t\t\t\t<div class=\"elementor-widget-container\">\n\t\t\t\t\t\t\t<div class=\"elementor-spacer\">\n\t\t\t<div class=\"elementor-spacer-inner\"><\/div>\n\t\t<\/div>\n\t\t\t\t\t\t<\/div>\n\t\t\t\t<\/div>\n\t\t\t\t\t<\/div>\n\t\t\t\t<\/div>\n\t\t\t\t<\/div>\n\t\t","protected":false},"excerpt":{"rendered":"<p>S&rsquo;il y a un mois qui capture le c\u0153ur et l&rsquo;\u00e2me du Belize, c&rsquo;est bien septembre. Alors que de nombreux voyageurs associent le Belize aux eaux turquoise, aux anciens temples mayas et aux for\u00eats tropicales luxuriantes, septembre r\u00e9v\u00e8le une autre facette du pays, remplie de musique, de patriotisme, de d\u00e9fil\u00e9s color\u00e9s, de traditions culturelles et de communaut\u00e9s qui se rassemblent pour c\u00e9l\u00e9brer ce que signifie \u00eatre B\u00e9lizien.  <\/p>\n<p> \u00c0 travers le pays, les rues sont d\u00e9cor\u00e9es de rouge, de blanc et de bleu. Le son des tambours r\u00e9sonne dans les villages et les villes, les drapeaux flottent fi\u00e8rement sur les maisons et les entreprises, et les familles se r\u00e9unissent pour c\u00e9l\u00e9brer deux des f\u00eates les plus importantes de la nation. <\/p>\n","protected":false},"author":1013,"featured_media":25079,"comment_status":"closed","ping_status":"closed","sticky":false,"template":"elementor_header_footer","format":"standard","meta":{"_acf_changed":false,"_jetpack_newsletter_access":"","_jetpack_dont_email_post_to_subs":false,"_jetpack_newsletter_tier_id":0,"_jetpack_memberships_contains_paywalled_content":false,"_jetpack_feature_clip_id":0,"_jetpack_memberships_contains_paid_content":false,"footnotes":"","jetpack_post_was_ever_published":false},"categories":[1088],"tags":[],"class_list":["post-25074","post","type-post","status-publish","format-standard","has-post-thumbnail","hentry","category-blog"],"acf":[],"yoast_head":"<!-- This site is optimized with the Yoast SEO plugin v28.3 - https:\/\/yoast.com\/product\/yoast-seo-wordpress\/ -->\n<title>Septembre au Belize : Votre guide complet des c\u00e9l\u00e9brations, du carnaval et du mois de l&#039;ind\u00e9pendance - The Rainforest Lodge at Sleeping Giant<\/title>\n<meta name=\"robots\" content=\"index, follow, max-snippet:-1, max-image-preview:large, max-video-preview:-1\" \/>\n<link rel=\"canonical\" href=\"https:\/\/www.sleepinggiantbelize.com\/2026\/08\/14\/september-in-belize-your-complete-guide-to-celebrations-carnival-independence-month\/\" \/>\n<meta property=\"og:locale\" content=\"fr_FR\" \/>\n<meta property=\"og:type\" content=\"article\" \/>\n<meta property=\"og:title\" content=\"Septembre au Belize : Votre guide complet des c\u00e9l\u00e9brations, du carnaval et du mois de l&#039;ind\u00e9pendance - The Rainforest Lodge at Sleeping Giant\" \/>\n<meta property=\"og:description\" content=\"S&#039;il y a un mois qui capture le c\u0153ur et l&#039;\u00e2me du Belize, c&#039;est bien septembre. Alors que de nombreux voyageurs associent le Belize aux eaux turquoise, aux anciens temples mayas et aux for\u00eats tropicales luxuriantes, septembre r\u00e9v\u00e8le une autre facette du pays, remplie de musique, de patriotisme, de d\u00e9fil\u00e9s color\u00e9s, de traditions culturelles et de communaut\u00e9s qui se rassemblent pour c\u00e9l\u00e9brer ce que signifie \u00eatre B\u00e9lizien.   \u00c0 travers le pays, les rues sont d\u00e9cor\u00e9es de rouge, de blanc et de bleu. Le son des tambours r\u00e9sonne dans les villages et les villes, les drapeaux flottent fi\u00e8rement sur les maisons et les entreprises, et les familles se r\u00e9unissent pour c\u00e9l\u00e9brer deux des f\u00eates les plus importantes de la nation.\" \/>\n<meta property=\"og:url\" content=\"https:\/\/www.sleepinggiantbelize.com\/2026\/08\/14\/september-in-belize-your-complete-guide-to-celebrations-carnival-independence-month\/\" \/>\n<meta property=\"og:site_name\" content=\"The Rainforest Lodge at Sleeping Giant\" \/>\n<meta property=\"article:published_time\" content=\"2026-08-14T22:26:26+00:00\" \/>\n<meta property=\"article:modified_time\" content=\"2026-08-14T22:30:35+00:00\" \/>\n<meta property=\"og:image\" content=\"https:\/\/www.sleepinggiantbelize.com\/wp-content\/uploads\/2026\/08\/IMG_9381.jpg\" \/>\n\t<meta property=\"og:image:width\" content=\"2048\" \/>\n\t<meta property=\"og:image:height\" content=\"1365\" \/>\n\t<meta property=\"og:image:type\" content=\"image\/jpeg\" \/>\n<meta name=\"author\" content=\"Marshall Choco\" \/>\n<meta name=\"twitter:card\" content=\"summary_large_image\" \/>\n<meta name=\"twitter:label1\" content=\"\u00c9crit par\" \/>\n\t<meta name=\"twitter:data1\" content=\"Marshall Choco\" \/>\n\t<meta name=\"twitter:label2\" content=\"Dur\u00e9e de lecture estim\u00e9e\" \/>\n\t<meta name=\"twitter:data2\" content=\"8 minutes\" \/>\n<script type=\"application\/ld+json\" class=\"yoast-schema-graph\">{\"@context\":\"https:\\\/\\\/schema.org\",\"@graph\":[{\"@type\":\"Article\",\"@id\":\"https:\\\/\\\/www.sleepinggiantbelize.com\\\/2026\\\/08\\\/14\\\/september-in-belize-your-complete-guide-to-celebrations-carnival-independence-month\\\/#article\",\"isPartOf\":{\"@id\":\"https:\\\/\\\/www.sleepinggiantbelize.com\\\/2026\\\/08\\\/14\\\/september-in-belize-your-complete-guide-to-celebrations-carnival-independence-month\\\/\"},\"author\":{\"name\":\"Marshall Choco\",\"@id\":\"https:\\\/\\\/www.sleepinggiantbelize.com\\\/#\\\/schema\\\/person\\\/b7df19ef367292ae1ad17d503781fa28\"},\"headline\":\"Septembre au Belize : Votre guide complet des c\u00e9l\u00e9brations, du carnaval et du mois de l&rsquo;ind\u00e9pendance\",\"datePublished\":\"2026-08-14T22:26:26+00:00\",\"dateModified\":\"2026-08-14T22:30:35+00:00\",\"mainEntityOfPage\":{\"@id\":\"https:\\\/\\\/www.sleepinggiantbelize.com\\\/2026\\\/08\\\/14\\\/september-in-belize-your-complete-guide-to-celebrations-carnival-independence-month\\\/\"},\"wordCount\":1592,\"image\":{\"@id\":\"https:\\\/\\\/www.sleepinggiantbelize.com\\\/2026\\\/08\\\/14\\\/september-in-belize-your-complete-guide-to-celebrations-carnival-independence-month\\\/#primaryimage\"},\"thumbnailUrl\":\"https:\\\/\\\/www.sleepinggiantbelize.com\\\/wp-content\\\/uploads\\\/2026\\\/08\\\/IMG_9381.jpg\",\"articleSection\":[\"Blog\"],\"inLanguage\":\"fr-FR\"},{\"@type\":\"WebPage\",\"@id\":\"https:\\\/\\\/www.sleepinggiantbelize.com\\\/2026\\\/08\\\/14\\\/september-in-belize-your-complete-guide-to-celebrations-carnival-independence-month\\\/\",\"url\":\"https:\\\/\\\/www.sleepinggiantbelize.com\\\/2026\\\/08\\\/14\\\/september-in-belize-your-complete-guide-to-celebrations-carnival-independence-month\\\/\",\"name\":\"Septembre au Belize : Votre guide complet des c\u00e9l\u00e9brations, du carnaval et du mois de l'ind\u00e9pendance - The Rainforest Lodge at Sleeping Giant\",\"isPartOf\":{\"@id\":\"https:\\\/\\\/www.sleepinggiantbelize.com\\\/#website\"},\"primaryImageOfPage\":{\"@id\":\"https:\\\/\\\/www.sleepinggiantbelize.com\\\/2026\\\/08\\\/14\\\/september-in-belize-your-complete-guide-to-celebrations-carnival-independence-month\\\/#primaryimage\"},\"image\":{\"@id\":\"https:\\\/\\\/www.sleepinggiantbelize.com\\\/2026\\\/08\\\/14\\\/september-in-belize-your-complete-guide-to-celebrations-carnival-independence-month\\\/#primaryimage\"},\"thumbnailUrl\":\"https:\\\/\\\/www.sleepinggiantbelize.com\\\/wp-content\\\/uploads\\\/2026\\\/08\\\/IMG_9381.jpg\",\"datePublished\":\"2026-08-14T22:26:26+00:00\",\"dateModified\":\"2026-08-14T22:30:35+00:00\",\"author\":{\"@id\":\"https:\\\/\\\/www.sleepinggiantbelize.com\\\/#\\\/schema\\\/person\\\/b7df19ef367292ae1ad17d503781fa28\"},\"breadcrumb\":{\"@id\":\"https:\\\/\\\/www.sleepinggiantbelize.com\\\/2026\\\/08\\\/14\\\/september-in-belize-your-complete-guide-to-celebrations-carnival-independence-month\\\/#breadcrumb\"},\"inLanguage\":\"fr-FR\",\"potentialAction\":[{\"@type\":\"ReadAction\",\"target\":[\"https:\\\/\\\/www.sleepinggiantbelize.com\\\/2026\\\/08\\\/14\\\/september-in-belize-your-complete-guide-to-celebrations-carnival-independence-month\\\/\"]}]},{\"@type\":\"ImageObject\",\"inLanguage\":\"fr-FR\",\"@id\":\"https:\\\/\\\/www.sleepinggiantbelize.com\\\/2026\\\/08\\\/14\\\/september-in-belize-your-complete-guide-to-celebrations-carnival-independence-month\\\/#primaryimage\",\"url\":\"https:\\\/\\\/www.sleepinggiantbelize.com\\\/wp-content\\\/uploads\\\/2026\\\/08\\\/IMG_9381.jpg\",\"contentUrl\":\"https:\\\/\\\/www.sleepinggiantbelize.com\\\/wp-content\\\/uploads\\\/2026\\\/08\\\/IMG_9381.jpg\",\"width\":2048,\"height\":1365},{\"@type\":\"BreadcrumbList\",\"@id\":\"https:\\\/\\\/www.sleepinggiantbelize.com\\\/2026\\\/08\\\/14\\\/september-in-belize-your-complete-guide-to-celebrations-carnival-independence-month\\\/#breadcrumb\",\"itemListElement\":[{\"@type\":\"ListItem\",\"position\":1,\"name\":\"Home\",\"item\":\"https:\\\/\\\/www.sleepinggiantbelize.com\\\/\"},{\"@type\":\"ListItem\",\"position\":2,\"name\":\"Septembre au Belize : Votre guide complet des c\u00e9l\u00e9brations, du carnaval et du mois de l&#8217;ind\u00e9pendance\"}]},{\"@type\":\"WebSite\",\"@id\":\"https:\\\/\\\/www.sleepinggiantbelize.com\\\/#website\",\"url\":\"https:\\\/\\\/www.sleepinggiantbelize.com\\\/\",\"name\":\"The Rainforest Lodge at Sleeping Giant\",\"description\":\"The Most Complete Vacation Destination in Belize\",\"potentialAction\":[{\"@type\":\"SearchAction\",\"target\":{\"@type\":\"EntryPoint\",\"urlTemplate\":\"https:\\\/\\\/www.sleepinggiantbelize.com\\\/?s={search_term_string}\"},\"query-input\":{\"@type\":\"PropertyValueSpecification\",\"valueRequired\":true,\"valueName\":\"search_term_string\"}}],\"inLanguage\":\"fr-FR\"},{\"@type\":\"Person\",\"@id\":\"https:\\\/\\\/www.sleepinggiantbelize.com\\\/#\\\/schema\\\/person\\\/b7df19ef367292ae1ad17d503781fa28\",\"name\":\"Marshall Choco\",\"image\":{\"@type\":\"ImageObject\",\"inLanguage\":\"fr-FR\",\"@id\":\"https:\\\/\\\/secure.gravatar.com\\\/avatar\\\/006f48dc984367428c6cf59355e710e15b02fcd5c3e5bdb79301f78271b3d66b?s=96&d=mm&r=g\",\"url\":\"https:\\\/\\\/secure.gravatar.com\\\/avatar\\\/006f48dc984367428c6cf59355e710e15b02fcd5c3e5bdb79301f78271b3d66b?s=96&d=mm&r=g\",\"contentUrl\":\"https:\\\/\\\/secure.gravatar.com\\\/avatar\\\/006f48dc984367428c6cf59355e710e15b02fcd5c3e5bdb79301f78271b3d66b?s=96&d=mm&r=g\",\"caption\":\"Marshall Choco\"},\"url\":\"https:\\\/\\\/www.sleepinggiantbelize.com\\\/fr\\\/author\\\/marshall\\\/\"}]}<\/script>\n<!-- \/ Yoast SEO plugin. -->","yoast_head_json":{"title":"Septembre au Belize : Votre guide complet des c\u00e9l\u00e9brations, du carnaval et du mois de l'ind\u00e9pendance - The Rainforest Lodge at Sleeping Giant","robots":{"index":"index","follow":"follow","max-snippet":"max-snippet:-1","max-image-preview":"max-image-preview:large","max-video-preview":"max-video-preview:-1"},"canonical":"https:\/\/www.sleepinggiantbelize.com\/2026\/08\/14\/september-in-belize-your-complete-guide-to-celebrations-carnival-independence-month\/","og_locale":"fr_FR","og_type":"article","og_title":"Septembre au Belize : Votre guide complet des c\u00e9l\u00e9brations, du carnaval et du mois de l'ind\u00e9pendance - The Rainforest Lodge at Sleeping Giant","og_description":"S'il y a un mois qui capture le c\u0153ur et l'\u00e2me du Belize, c'est bien septembre. Alors que de nombreux voyageurs associent le Belize aux eaux turquoise, aux anciens temples mayas et aux for\u00eats tropicales luxuriantes, septembre r\u00e9v\u00e8le une autre facette du pays, remplie de musique, de patriotisme, de d\u00e9fil\u00e9s color\u00e9s, de traditions culturelles et de communaut\u00e9s qui se rassemblent pour c\u00e9l\u00e9brer ce que signifie \u00eatre B\u00e9lizien.   \u00c0 travers le pays, les rues sont d\u00e9cor\u00e9es de rouge, de blanc et de bleu. Le son des tambours r\u00e9sonne dans les villages et les villes, les drapeaux flottent fi\u00e8rement sur les maisons et les entreprises, et les familles se r\u00e9unissent pour c\u00e9l\u00e9brer deux des f\u00eates les plus importantes de la nation.","og_url":"https:\/\/www.sleepinggiantbelize.com\/2026\/08\/14\/september-in-belize-your-complete-guide-to-celebrations-carnival-independence-month\/","og_site_name":"The Rainforest Lodge at Sleeping Giant","article_published_time":"2026-08-14T22:26:26+00:00","article_modified_time":"2026-08-14T22:30:35+00:00","og_image":[{"width":2048,"height":1365,"url":"https:\/\/www.sleepinggiantbelize.com\/wp-content\/uploads\/2026\/08\/IMG_9381.jpg","type":"image\/jpeg"}],"author":"Marshall Choco","twitter_card":"summary_large_image","twitter_misc":{"\u00c9crit par":"Marshall Choco","Dur\u00e9e de lecture estim\u00e9e":"8 minutes"},"schema":{"@context":"https:\/\/schema.org","@graph":[{"@type":"Article","@id":"https:\/\/www.sleepinggiantbelize.com\/2026\/08\/14\/september-in-belize-your-complete-guide-to-celebrations-carnival-independence-month\/#article","isPartOf":{"@id":"https:\/\/www.sleepinggiantbelize.com\/2026\/08\/14\/september-in-belize-your-complete-guide-to-celebrations-carnival-independence-month\/"},"author":{"name":"Marshall Choco","@id":"https:\/\/www.sleepinggiantbelize.com\/#\/schema\/person\/b7df19ef367292ae1ad17d503781fa28"},"headline":"Septembre au Belize : Votre guide complet des c\u00e9l\u00e9brations, du carnaval et du mois de l&rsquo;ind\u00e9pendance","datePublished":"2026-08-14T22:26:26+00:00","dateModified":"2026-08-14T22:30:35+00:00","mainEntityOfPage":{"@id":"https:\/\/www.sleepinggiantbelize.com\/2026\/08\/14\/september-in-belize-your-complete-guide-to-celebrations-carnival-independence-month\/"},"wordCount":1592,"image":{"@id":"https:\/\/www.sleepinggiantbelize.com\/2026\/08\/14\/september-in-belize-your-complete-guide-to-celebrations-carnival-independence-month\/#primaryimage"},"thumbnailUrl":"https:\/\/www.sleepinggiantbelize.com\/wp-content\/uploads\/2026\/08\/IMG_9381.jpg","articleSection":["Blog"],"inLanguage":"fr-FR"},{"@type":"WebPage","@id":"https:\/\/www.sleepinggiantbelize.com\/2026\/08\/14\/september-in-belize-your-complete-guide-to-celebrations-carnival-independence-month\/","url":"https:\/\/www.sleepinggiantbelize.com\/2026\/08\/14\/september-in-belize-your-complete-guide-to-celebrations-carnival-independence-month\/","name":"Septembre au Belize : Votre guide complet des c\u00e9l\u00e9brations, du carnaval et du mois de l'ind\u00e9pendance - The Rainforest Lodge at Sleeping Giant","isPartOf":{"@id":"https:\/\/www.sleepinggiantbelize.com\/#website"},"primaryImageOfPage":{"@id":"https:\/\/www.sleepinggiantbelize.com\/2026\/08\/14\/september-in-belize-your-complete-guide-to-celebrations-carnival-independence-month\/#primaryimage"},"image":{"@id":"https:\/\/www.sleepinggiantbelize.com\/2026\/08\/14\/september-in-belize-your-complete-guide-to-celebrations-carnival-independence-month\/#primaryimage"},"thumbnailUrl":"https:\/\/www.sleepinggiantbelize.com\/wp-content\/uploads\/2026\/08\/IMG_9381.jpg","datePublished":"2026-08-14T22:26:26+00:00","dateModified":"2026-08-14T22:30:35+00:00","author":{"@id":"https:\/\/www.sleepinggiantbelize.com\/#\/schema\/person\/b7df19ef367292ae1ad17d503781fa28"},"breadcrumb":{"@id":"https:\/\/www.sleepinggiantbelize.com\/2026\/08\/14\/september-in-belize-your-complete-guide-to-celebrations-carnival-independence-month\/#breadcrumb"},"inLanguage":"fr-FR","potentialAction":[{"@type":"ReadAction","target":["https:\/\/www.sleepinggiantbelize.com\/2026\/08\/14\/september-in-belize-your-complete-guide-to-celebrations-carnival-independence-month\/"]}]},{"@type":"ImageObject","inLanguage":"fr-FR","@id":"https:\/\/www.sleepinggiantbelize.com\/2026\/08\/14\/september-in-belize-your-complete-guide-to-celebrations-carnival-independence-month\/#primaryimage","url":"https:\/\/www.sleepinggiantbelize.com\/wp-content\/uploads\/2026\/08\/IMG_9381.jpg","contentUrl":"https:\/\/www.sleepinggiantbelize.com\/wp-content\/uploads\/2026\/08\/IMG_9381.jpg","width":2048,"height":1365},{"@type":"BreadcrumbList","@id":"https:\/\/www.sleepinggiantbelize.com\/2026\/08\/14\/september-in-belize-your-complete-guide-to-celebrations-carnival-independence-month\/#breadcrumb","itemListElement":[{"@type":"ListItem","position":1,"name":"Home","item":"https:\/\/www.sleepinggiantbelize.com\/"},{"@type":"ListItem","position":2,"name":"Septembre au Belize : Votre guide complet des c\u00e9l\u00e9brations, du carnaval et du mois de l&#8217;ind\u00e9pendance"}]},{"@type":"WebSite","@id":"https:\/\/www.sleepinggiantbelize.com\/#website","url":"https:\/\/www.sleepinggiantbelize.com\/","name":"The Rainforest Lodge at Sleeping Giant","description":"The Most Complete Vacation Destination in Belize","potentialAction":[{"@type":"SearchAction","target":{"@type":"EntryPoint","urlTemplate":"https:\/\/www.sleepinggiantbelize.com\/?s={search_term_string}"},"query-input":{"@type":"PropertyValueSpecification","valueRequired":true,"valueName":"search_term_string"}}],"inLanguage":"fr-FR"},{"@type":"Person","@id":"https:\/\/www.sleepinggiantbelize.com\/#\/schema\/person\/b7df19ef367292ae1ad17d503781fa28","name":"Marshall Choco","image":{"@type":"ImageObject","inLanguage":"fr-FR","@id":"https:\/\/secure.gravatar.com\/avatar\/006f48dc984367428c6cf59355e710e15b02fcd5c3e5bdb79301f78271b3d66b?s=96&d=mm&r=g","url":"https:\/\/secure.gravatar.com\/avatar\/006f48dc984367428c6cf59355e710e15b02fcd5c3e5bdb79301f78271b3d66b?s=96&d=mm&r=g","contentUrl":"https:\/\/secure.gravatar.com\/avatar\/006f48dc984367428c6cf59355e710e15b02fcd5c3e5bdb79301f78271b3d66b?s=96&d=mm&r=g","caption":"Marshall Choco"},"url":"https:\/\/www.sleepinggiantbelize.com\/fr\/author\/marshall\/"}]}},"jetpack_sharing_enabled":true,"jetpack_featured_media_url":"https:\/\/www.sleepinggiantbelize.com\/wp-content\/uploads\/2026\/08\/IMG_9381.jpg","_links":{"self":[{"href":"https:\/\/www.sleepinggiantbelize.com\/fr\/wp-json\/wp\/v2\/posts\/25074","targetHints":{"allow":["GET"]}}],"collection":[{"href":"https:\/\/www.sleepinggiantbelize.com\/fr\/wp-json\/wp\/v2\/posts"}],"about":[{"href":"https:\/\/www.sleepinggiantbelize.com\/fr\/wp-json\/wp\/v2\/types\/post"}],"author":[{"embeddable":true,"href":"https:\/\/www.sleepinggiantbelize.com\/fr\/wp-json\/wp\/v2\/users\/1013"}],"replies":[{"embeddable":true,"href":"https:\/\/www.sleepinggiantbelize.com\/fr\/wp-json\/wp\/v2\/comments?post=25074"}],"version-history":[{"count":2,"href":"https:\/\/www.sleepinggiantbelize.com\/fr\/wp-json\/wp\/v2\/posts\/25074\/revisions"}],"predecessor-version":[{"id":25086,"href":"https:\/\/www.sleepinggiantbelize.com\/fr\/wp-json\/wp\/v2\/posts\/25074\/revisions\/25086"}],"wp:featuredmedia":[{"embeddable":true,"href":"https:\/\/www.sleepinggiantbelize.com\/fr\/wp-json\/wp\/v2\/media\/25079"}],"wp:attachment":[{"href":"https:\/\/www.sleepinggiantbelize.com\/fr\/wp-json\/wp\/v2\/media?parent=25074"}],"wp:term":[{"taxonomy":"category","embeddable":true,"href":"https:\/\/www.sleepinggiantbelize.com\/fr\/wp-json\/wp\/v2\/categories?post=25074"},{"taxonomy":"post_tag","embeddable":true,"href":"https:\/\/www.sleepinggiantbelize.com\/fr\/wp-json\/wp\/v2\/tags?post=25074"}],"curies":[{"name":"wp","href":"https:\/\/api.w.org\/{rel}","templated":true}]}}