{"id":25066,"date":"2026-08-14T22:26:26","date_gmt":"2026-08-14T22:26:26","guid":{"rendered":"https:\/\/www.sleepinggiantbelize.com\/2026\/08\/14\/septiembre-en-belice-su-guia-completa-de-celebraciones-carnaval-y-el-mes-de-la-independencia\/"},"modified":"2026-08-14T22:30:34","modified_gmt":"2026-08-14T22:30:34","slug":"septiembre-en-belice-su-guia-completa-de-celebraciones-carnaval-y-el-mes-de-la-independencia","status":"publish","type":"post","link":"https:\/\/www.sleepinggiantbelize.com\/es\/2026\/08\/14\/septiembre-en-belice-su-guia-completa-de-celebraciones-carnaval-y-el-mes-de-la-independencia\/","title":{"rendered":"Septiembre en Belice: su gu\u00eda completa de celebraciones, carnaval y el mes de la independencia"},"content":{"rendered":"\t\t<div data-elementor-type=\"wp-post\" data-elementor-id=\"25066\" class=\"elementor elementor-25066 elementor-25039\" data-elementor-post-type=\"post\">\n\t\t\t\t\t\t<section class=\"elementor-section elementor-top-section elementor-element elementor-element-d0038ab elementor-section-full_width elementor-section-height-full elementor-hidden-mobile elementor-section-height-default elementor-section-items-middle\" data-id=\"d0038ab\" data-element_type=\"section\" data-e-type=\"section\" data-settings=\"{&quot;jet_parallax_layout_list&quot;:[{&quot;jet_parallax_layout_image&quot;:{&quot;url&quot;:&quot;&quot;,&quot;id&quot;:&quot;&quot;,&quot;size&quot;:&quot;&quot;},&quot;_id&quot;:&quot;bbbbf4e&quot;,&quot;jet_parallax_layout_image_tablet&quot;:{&quot;url&quot;:&quot;&quot;,&quot;id&quot;:&quot;&quot;,&quot;size&quot;:&quot;&quot;},&quot;jet_parallax_layout_image_mobile&quot;:{&quot;url&quot;:&quot;&quot;,&quot;id&quot;:&quot;&quot;,&quot;size&quot;:&quot;&quot;},&quot;jet_parallax_layout_speed&quot;:{&quot;unit&quot;:&quot;%&quot;,&quot;size&quot;:50,&quot;sizes&quot;:[]},&quot;jet_parallax_layout_type&quot;:&quot;scroll&quot;,&quot;jet_parallax_layout_direction&quot;:&quot;1&quot;,&quot;jet_parallax_layout_fx_direction&quot;:null,&quot;jet_parallax_layout_z_index&quot;:&quot;&quot;,&quot;jet_parallax_layout_bg_x&quot;:50,&quot;jet_parallax_layout_bg_x_tablet&quot;:&quot;&quot;,&quot;jet_parallax_layout_bg_x_mobile&quot;:&quot;&quot;,&quot;jet_parallax_layout_bg_y&quot;:50,&quot;jet_parallax_layout_bg_y_tablet&quot;:&quot;&quot;,&quot;jet_parallax_layout_bg_y_mobile&quot;:&quot;&quot;,&quot;jet_parallax_layout_bg_size&quot;:&quot;auto&quot;,&quot;jet_parallax_layout_bg_size_tablet&quot;:&quot;&quot;,&quot;jet_parallax_layout_bg_size_mobile&quot;:&quot;&quot;,&quot;jet_parallax_layout_animation_prop&quot;:&quot;transform&quot;,&quot;jet_parallax_layout_on&quot;:[&quot;desktop&quot;,&quot;tablet&quot;]}],&quot;background_background&quot;:&quot;classic&quot;}\">\n\t\t\t\t\t\t\t<div class=\"elementor-background-overlay\"><\/div>\n\t\t\t\t\t\t\t<div class=\"elementor-container elementor-column-gap-default\">\n\t\t\t\t\t<div class=\"elementor-column elementor-col-100 elementor-top-column elementor-element elementor-element-587e492\" data-id=\"587e492\" data-element_type=\"column\" data-e-type=\"column\">\n\t\t\t<div class=\"elementor-widget-wrap\">\n\t\t\t\t\t\t\t<\/div>\n\t\t<\/div>\n\t\t\t\t\t<\/div>\n\t\t<\/section>\n\t\t\t\t<section class=\"elementor-section elementor-top-section elementor-element elementor-element-9873476 elementor-section-full_width elementor-section-height-full elementor-hidden-desktop elementor-hidden-tablet elementor-section-height-default elementor-section-items-middle\" data-id=\"9873476\" data-element_type=\"section\" data-e-type=\"section\" data-settings=\"{&quot;jet_parallax_layout_list&quot;:[{&quot;jet_parallax_layout_image&quot;:{&quot;url&quot;:&quot;&quot;,&quot;id&quot;:&quot;&quot;,&quot;size&quot;:&quot;&quot;},&quot;_id&quot;:&quot;bbbbf4e&quot;,&quot;jet_parallax_layout_image_tablet&quot;:{&quot;url&quot;:&quot;&quot;,&quot;id&quot;:&quot;&quot;,&quot;size&quot;:&quot;&quot;},&quot;jet_parallax_layout_image_mobile&quot;:{&quot;url&quot;:&quot;&quot;,&quot;id&quot;:&quot;&quot;,&quot;size&quot;:&quot;&quot;},&quot;jet_parallax_layout_speed&quot;:{&quot;unit&quot;:&quot;%&quot;,&quot;size&quot;:50,&quot;sizes&quot;:[]},&quot;jet_parallax_layout_type&quot;:&quot;scroll&quot;,&quot;jet_parallax_layout_direction&quot;:&quot;1&quot;,&quot;jet_parallax_layout_fx_direction&quot;:null,&quot;jet_parallax_layout_z_index&quot;:&quot;&quot;,&quot;jet_parallax_layout_bg_x&quot;:50,&quot;jet_parallax_layout_bg_x_tablet&quot;:&quot;&quot;,&quot;jet_parallax_layout_bg_x_mobile&quot;:&quot;&quot;,&quot;jet_parallax_layout_bg_y&quot;:50,&quot;jet_parallax_layout_bg_y_tablet&quot;:&quot;&quot;,&quot;jet_parallax_layout_bg_y_mobile&quot;:&quot;&quot;,&quot;jet_parallax_layout_bg_size&quot;:&quot;auto&quot;,&quot;jet_parallax_layout_bg_size_tablet&quot;:&quot;&quot;,&quot;jet_parallax_layout_bg_size_mobile&quot;:&quot;&quot;,&quot;jet_parallax_layout_animation_prop&quot;:&quot;transform&quot;,&quot;jet_parallax_layout_on&quot;:[&quot;desktop&quot;,&quot;tablet&quot;]}],&quot;background_background&quot;:&quot;classic&quot;}\">\n\t\t\t\t\t\t<div class=\"elementor-container elementor-column-gap-default\">\n\t\t\t\t\t<div class=\"elementor-column elementor-col-100 elementor-top-column elementor-element elementor-element-9482eb8\" data-id=\"9482eb8\" data-element_type=\"column\" data-e-type=\"column\">\n\t\t\t<div class=\"elementor-widget-wrap elementor-element-populated\">\n\t\t\t\t\t\t<div class=\"elementor-element elementor-element-f61663e elementor-widget elementor-widget-spacer\" data-id=\"f61663e\" data-element_type=\"widget\" data-e-type=\"widget\" data-widget_type=\"spacer.default\">\n\t\t\t\t<div class=\"elementor-widget-container\">\n\t\t\t\t\t\t\t<div class=\"elementor-spacer\">\n\t\t\t<div class=\"elementor-spacer-inner\"><\/div>\n\t\t<\/div>\n\t\t\t\t\t\t<\/div>\n\t\t\t\t<\/div>\n\t\t\t\t\t<\/div>\n\t\t<\/div>\n\t\t\t\t\t<\/div>\n\t\t<\/section>\n\t\t<div class=\"elementor-element elementor-element-f3be5a9 e-flex e-con-boxed e-con e-parent\" data-id=\"f3be5a9\" data-element_type=\"container\" data-e-type=\"container\" data-settings=\"{&quot;jet_parallax_layout_list&quot;:[]}\">\n\t\t\t\t\t<div class=\"e-con-inner\">\n\t\t\t\t<div class=\"elementor-element elementor-element-553de64 elementor-widget elementor-widget-heading\" data-id=\"553de64\" data-element_type=\"widget\" data-e-type=\"widget\" data-widget_type=\"heading.default\">\n\t\t\t\t<div class=\"elementor-widget-container\">\n\t\t\t\t\t<h2 class=\"elementor-heading-title elementor-size-default\">Septiembre en Belice: su gu\u00eda completa de celebraciones, carnaval y el mes de la independencia\n<\/h2>\t\t\t\t<\/div>\n\t\t\t\t<\/div>\n\t\t\t\t\t<\/div>\n\t\t\t\t<\/div>\n\t\t<div class=\"elementor-element elementor-element-8de428a e-flex e-con-boxed e-con e-parent\" data-id=\"8de428a\" data-element_type=\"container\" data-e-type=\"container\" data-settings=\"{&quot;jet_parallax_layout_list&quot;:[]}\">\n\t\t\t\t\t<div class=\"e-con-inner\">\n\t\t<div class=\"elementor-element elementor-element-d8d31a1 e-con-full e-flex e-con e-child\" data-id=\"d8d31a1\" data-element_type=\"container\" data-e-type=\"container\" data-settings=\"{&quot;jet_parallax_layout_list&quot;:[]}\">\n\t\t\t\t<div class=\"elementor-element elementor-element-ce0836f elementor-widget__width-initial elementor-widget elementor-widget-text-editor\" data-id=\"ce0836f\" data-element_type=\"widget\" data-e-type=\"widget\" data-widget_type=\"text-editor.default\">\n\t\t\t\t<div class=\"elementor-widget-container\">\n\t\t\t\t\t\t\t\t\t<p><span style=\"font-weight: 400;\">Si hay un mes que captura el coraz\u00f3n y el alma de Belice, es septiembre. Aunque muchos viajeros asocian Belice con aguas turquesas, antiguos templos mayas y selvas exuberantes, septiembre revela otra cara del pa\u00eds: una llena de m\u00fasica, patriotismo, desfiles coloridos, tradiciones culturales y comunidades que se unen para celebrar lo que significa ser belice\u00f1o.  <\/span><span style=\"font-weight: 400;\"><br><\/span><span style=\"font-weight: 400;\"><br><\/span><span style=\"font-weight: 400;\">  Por todo el pa\u00eds, las calles se decoran de rojo, blanco y azul. El sonido de los tambores resuena en pueblos y ciudades, las banderas ondean con orgullo en hogares y negocios, y las familias se re\u00fanen para celebrar dos de las festividades m\u00e1s importantes de la naci\u00f3n. <\/span><span style=\"font-weight: 400;\"><br><\/span><span style=\"font-weight: 400;\"><br><\/span><span style=\"font-weight: 400;\">  Para los visitantes, es una de las \u00e9pocas m\u00e1s emocionantes del a\u00f1o para experimentar Belice m\u00e1s all\u00e1 de sus impresionantes paisajes. Es una oportunidad para sumergirse en las tradiciones locales, conocer a comunidades acogedoras, disfrutar de festivales animados y ser testigo del orgullo que define a este extraordinario pa\u00eds. <\/span><span style=\"font-weight: 400;\"><br><\/span><span style=\"font-weight: 400;\"><br><\/span><span style=\"font-weight: 400;\">Ya sea explorando la selva tropical, relaj\u00e1ndose junto al mar Caribe o uni\u00e9ndose a las festividades, septiembre ofrece unas vacaciones sin igual.<\/span><\/p>\t\t\t\t\t\t\t\t<\/div>\n\t\t\t\t<\/div>\n\t\t\t\t<\/div>\n\t\t\t\t\t<\/div>\n\t\t\t\t<\/div>\n\t\t<div class=\"elementor-element elementor-element-74d1d3e e-flex e-con-boxed e-con e-parent\" data-id=\"74d1d3e\" data-element_type=\"container\" data-e-type=\"container\" data-settings=\"{&quot;jet_parallax_layout_list&quot;:[]}\">\n\t\t\t\t\t<div class=\"e-con-inner\">\n\t\t<div class=\"elementor-element elementor-element-3d17643 e-con-full e-flex e-con e-child\" data-id=\"3d17643\" data-element_type=\"container\" data-e-type=\"container\" data-settings=\"{&quot;jet_parallax_layout_list&quot;:[]}\">\n\t\t\t\t<div class=\"elementor-element elementor-element-fc04eaa elementor-widget__width-initial elementor-widget elementor-widget-text-editor\" data-id=\"fc04eaa\" data-element_type=\"widget\" data-e-type=\"widget\" data-widget_type=\"text-editor.default\">\n\t\t\t\t<div class=\"elementor-widget-container\">\n\t\t\t\t\t\t\t\t\t<p><b>Por qu\u00e9 septiembre es el mes de las mayores celebraciones en Belice<\/b><\/p>\t\t\t\t\t\t\t\t<\/div>\n\t\t\t\t<\/div>\n\t\t\t\t<div class=\"elementor-element elementor-element-6645e49 elementor-widget__width-initial elementor-widget elementor-widget-text-editor\" data-id=\"6645e49\" data-element_type=\"widget\" data-e-type=\"widget\" data-widget_type=\"text-editor.default\">\n\t\t\t\t<div class=\"elementor-widget-container\">\n\t\t\t\t\t\t\t\t\t<p><span style=\"font-weight: 400;\">Las Celebraciones de Septiembre, este festejo nacional que dura un mes, honran la historia, la resiliencia y la independencia de Belice.<\/span><span style=\"font-weight: 400;\"><br\/><\/span><span style=\"font-weight: 400;\"><br\/><\/span><span style=\"font-weight: 400;\"> Durante todo septiembre, casi todos los pueblos y aldeas organizan eventos comunitarios, conciertos, competiciones deportivas, actuaciones culturales, festivales gastron\u00f3micos y actividades familiares. Los negocios locales decoran sus escaparates con colores patri\u00f3ticos, las escuelas organizan actuaciones y el inconfundible esp\u00edritu de celebraci\u00f3n se siente en cada rinc\u00f3n.<\/span><span style=\"font-weight: 400;\"><br\/><\/span><span style=\"font-weight: 400;\"><br\/><\/span><span style=\"font-weight: 400;\"> A diferencia de muchos festivos nacionales en el mundo que duran solo uno o dos d\u00edas, Belice lo celebra durante todo el mes, creando un ambiente festivo de principio a fin.<\/span><\/p><p><span style=\"font-weight: 400;\">El lodge es una base ideal para descubrir algunas de las aventuras de interior m\u00e1s populares de Belice. Los hu\u00e9spedes pueden recorrer senderos por la selva, hacer kayak en el r\u00edo, explorar cuevas y cascadas o disfrutar de paseos a caballo en The Stables. Para una velada verdaderamente memorable, Dinner on the Cliff combina hermosas vistas de la selva tropical con una experiencia gastron\u00f3mica excepcional.  <\/span><\/p><p><span style=\"font-weight: 400;\">Tanto si sus d\u00edas est\u00e1n llenos de aventura como de momentos tranquilos en una hamaca.<\/span><\/p>\t\t\t\t\t\t\t\t<\/div>\n\t\t\t\t<\/div>\n\t\t\t\t<\/div>\n\t\t<div class=\"elementor-element elementor-element-4a355a3 e-con-full e-flex e-con e-child\" data-id=\"4a355a3\" data-element_type=\"container\" data-e-type=\"container\" data-settings=\"{&quot;background_background&quot;:&quot;classic&quot;,&quot;jet_parallax_layout_list&quot;:[]}\">\n\t\t\t\t<div class=\"elementor-element elementor-element-ee0ce63 elementor-widget elementor-widget-spacer\" data-id=\"ee0ce63\" data-element_type=\"widget\" data-e-type=\"widget\" data-widget_type=\"spacer.default\">\n\t\t\t\t<div class=\"elementor-widget-container\">\n\t\t\t\t\t\t\t<div class=\"elementor-spacer\">\n\t\t\t<div class=\"elementor-spacer-inner\"><\/div>\n\t\t<\/div>\n\t\t\t\t\t\t<\/div>\n\t\t\t\t<\/div>\n\t\t\t\t<\/div>\n\t\t\t\t\t<\/div>\n\t\t\t\t<\/div>\n\t\t<div class=\"elementor-element elementor-element-76167bd e-flex e-con-boxed e-con e-parent\" data-id=\"76167bd\" data-element_type=\"container\" data-e-type=\"container\" data-settings=\"{&quot;jet_parallax_layout_list&quot;:[]}\">\n\t\t\t\t\t<div class=\"e-con-inner\">\n\t\t<div class=\"elementor-element elementor-element-4681d33 e-con-full e-flex e-con e-child\" data-id=\"4681d33\" data-element_type=\"container\" data-e-type=\"container\" data-settings=\"{&quot;background_background&quot;:&quot;classic&quot;,&quot;jet_parallax_layout_list&quot;:[]}\">\n\t\t\t\t<div class=\"elementor-element elementor-element-9c37397 elementor-widget elementor-widget-spacer\" data-id=\"9c37397\" data-element_type=\"widget\" data-e-type=\"widget\" data-widget_type=\"spacer.default\">\n\t\t\t\t<div class=\"elementor-widget-container\">\n\t\t\t\t\t\t\t<div class=\"elementor-spacer\">\n\t\t\t<div class=\"elementor-spacer-inner\"><\/div>\n\t\t<\/div>\n\t\t\t\t\t\t<\/div>\n\t\t\t\t<\/div>\n\t\t\t\t<\/div>\n\t\t<div class=\"elementor-element elementor-element-d8b3faf e-con-full e-flex e-con e-child\" data-id=\"d8b3faf\" data-element_type=\"container\" data-e-type=\"container\" data-settings=\"{&quot;jet_parallax_layout_list&quot;:[]}\">\n\t\t\t\t<div class=\"elementor-element elementor-element-b5ec36e elementor-widget__width-initial elementor-widget elementor-widget-text-editor\" data-id=\"b5ec36e\" data-element_type=\"widget\" data-e-type=\"widget\" data-widget_type=\"text-editor.default\">\n\t\t\t\t<div class=\"elementor-widget-container\">\n\t\t\t\t\t\t\t\t\t<p><b>10 de septiembre: D\u00eda del Cayo San Jorge<\/b><\/p>\t\t\t\t\t\t\t\t<\/div>\n\t\t\t\t<\/div>\n\t\t\t\t<div class=\"elementor-element elementor-element-5b3434f elementor-widget__width-initial elementor-widget elementor-widget-text-editor\" data-id=\"5b3434f\" data-element_type=\"widget\" data-e-type=\"widget\" data-widget_type=\"text-editor.default\">\n\t\t\t\t<div class=\"elementor-widget-container\">\n\t\t\t\t\t\t\t\t\t<p><span style=\"font-weight: 400;\">Las celebraciones comienzan con el D\u00eda del Cayo San Jorge, conmemorado cada a\u00f1o el 10 de septiembre.<\/span><span style=\"font-weight: 400;\"><br\/><\/span><span style=\"font-weight: 400;\"><br\/><\/span><span style=\"font-weight: 400;\"> La festividad marca la hist\u00f3rica Batalla del Cayo San Jorge en 1798, cuando los colonos y los Baymen esclavizados defendieron con \u00e9xito el territorio contra las fuerzas espa\u00f1olas. Los visitantes pueden disfrutar de desfiles patri\u00f3ticos, bandas de m\u00fasica, ceremonias de izado de bandera y actuaciones culturales mientras aprenden sobre uno de los momentos hist\u00f3ricos decisivos de Belice.<\/span><\/p><p><span style=\"font-weight: 400;\">Las villas privadas, muchas con sus propias piscinas de inmersi\u00f3n, ofrecen mucho espacio para relajarse tras un d\u00eda explorando el distrito de Cayo. Los hu\u00e9spedes pueden remar por el r\u00edo, disfrutar del entorno natural o cenar en Humo Restaurant &#038; Bar, donde se sirve cocina de inspiraci\u00f3n local en un pintoresco entorno junto al r\u00edo. <\/span><\/p><p><span style=\"font-weight: 400;\">Su ubicaci\u00f3n c\u00e9ntrica tambi\u00e9n convierte a The Banks en un excelente punto de partida para visitar yacimientos arqueol\u00f3gicos mayas cercanos, sistemas de cuevas, reservas naturales y otras atracciones del interior, antes de regresar a la tranquilidad del resort.<\/span><\/p>\t\t\t\t\t\t\t\t<\/div>\n\t\t\t\t<\/div>\n\t\t\t\t<\/div>\n\t\t\t\t\t<\/div>\n\t\t\t\t<\/div>\n\t\t<div class=\"elementor-element elementor-element-2027fe5 e-flex e-con-boxed e-con e-parent\" data-id=\"2027fe5\" data-element_type=\"container\" data-e-type=\"container\" data-settings=\"{&quot;jet_parallax_layout_list&quot;:[]}\">\n\t\t\t\t\t<div class=\"e-con-inner\">\n\t\t<div class=\"elementor-element elementor-element-5909026 e-con-full e-flex e-con e-child\" data-id=\"5909026\" data-element_type=\"container\" data-e-type=\"container\" data-settings=\"{&quot;jet_parallax_layout_list&quot;:[]}\">\n\t\t\t\t<div class=\"elementor-element elementor-element-036cade elementor-widget__width-initial elementor-widget elementor-widget-text-editor\" data-id=\"036cade\" data-element_type=\"widget\" data-e-type=\"widget\" data-widget_type=\"text-editor.default\">\n\t\t\t\t<div class=\"elementor-widget-container\">\n\t\t\t\t\t\t\t\t\t<p><b>21 de septiembre: D\u00eda de la Independencia de Belice<\/b><\/p>\t\t\t\t\t\t\t\t<\/div>\n\t\t\t\t<\/div>\n\t\t\t\t<div class=\"elementor-element elementor-element-210168e elementor-widget__width-initial elementor-widget elementor-widget-text-editor\" data-id=\"210168e\" data-element_type=\"widget\" data-e-type=\"widget\" data-widget_type=\"text-editor.default\">\n\t\t\t\t<div class=\"elementor-widget-container\">\n\t\t\t\t\t\t\t\t\t<p><span style=\"font-weight: 400;\">El 21 de septiembre de 1981, Belice obtuvo oficialmente su independencia. Hoy, la naci\u00f3n lo celebra con desfiles animados, fuegos artificiales, conciertos, fiestas callejeras y cocina tradicional, mientras las familias y comunidades se unen en una vibrante exhibici\u00f3n de orgullo nacional. El tema de este a\u00f1o, <\/span><b>\u201cM\u00edrame. Soy Belice a los 45\u201d,<\/b><span style=\"font-weight: 400;\"> honra la resiliencia, la diversidad y las contribuciones cotidianas de los belice\u00f1os mientras se celebran 45 a\u00f1os de independencia. Es uno de los mejores momentos para experimentar la rica cultura del pa\u00eds, su c\u00e1lida hospitalidad y su inconfundible esp\u00edritu patri\u00f3tico.<\/span><\/p>\t\t\t\t\t\t\t\t<\/div>\n\t\t\t\t<\/div>\n\t\t\t\t<\/div>\n\t\t<div class=\"elementor-element elementor-element-8480f4c e-con-full e-flex e-con e-child\" data-id=\"8480f4c\" data-element_type=\"container\" data-e-type=\"container\" data-settings=\"{&quot;background_background&quot;:&quot;classic&quot;,&quot;jet_parallax_layout_list&quot;:[]}\">\n\t\t\t\t<div class=\"elementor-element elementor-element-5bb041f elementor-widget elementor-widget-spacer\" data-id=\"5bb041f\" data-element_type=\"widget\" data-e-type=\"widget\" data-widget_type=\"spacer.default\">\n\t\t\t\t<div class=\"elementor-widget-container\">\n\t\t\t\t\t\t\t<div class=\"elementor-spacer\">\n\t\t\t<div class=\"elementor-spacer-inner\"><\/div>\n\t\t<\/div>\n\t\t\t\t\t\t<\/div>\n\t\t\t\t<\/div>\n\t\t\t\t<\/div>\n\t\t\t\t\t<\/div>\n\t\t\t\t<\/div>\n\t\t<div class=\"elementor-element elementor-element-a54e5c1 e-flex e-con-boxed e-con e-parent\" data-id=\"a54e5c1\" data-element_type=\"container\" data-e-type=\"container\" data-settings=\"{&quot;jet_parallax_layout_list&quot;:[]}\">\n\t\t\t\t\t<div class=\"e-con-inner\">\n\t\t<div class=\"elementor-element elementor-element-d50a91c e-con-full e-flex e-con e-child\" data-id=\"d50a91c\" data-element_type=\"container\" data-e-type=\"container\" data-settings=\"{&quot;background_background&quot;:&quot;classic&quot;,&quot;jet_parallax_layout_list&quot;:[]}\">\n\t\t\t\t<div class=\"elementor-element elementor-element-6109fc4 elementor-widget elementor-widget-spacer\" data-id=\"6109fc4\" data-element_type=\"widget\" data-e-type=\"widget\" data-widget_type=\"spacer.default\">\n\t\t\t\t<div class=\"elementor-widget-container\">\n\t\t\t\t\t\t\t<div class=\"elementor-spacer\">\n\t\t\t<div class=\"elementor-spacer-inner\"><\/div>\n\t\t<\/div>\n\t\t\t\t\t\t<\/div>\n\t\t\t\t<\/div>\n\t\t\t\t<\/div>\n\t\t<div class=\"elementor-element elementor-element-609cba6 e-con-full e-flex e-con e-child\" data-id=\"609cba6\" data-element_type=\"container\" data-e-type=\"container\" data-settings=\"{&quot;jet_parallax_layout_list&quot;:[]}\">\n\t\t\t\t<div class=\"elementor-element elementor-element-15a8d48 elementor-widget__width-initial elementor-widget elementor-widget-text-editor\" data-id=\"15a8d48\" data-element_type=\"widget\" data-e-type=\"widget\" data-widget_type=\"text-editor.default\">\n\t\t\t\t<div class=\"elementor-widget-container\">\n\t\t\t\t\t\t\t\t\t<p><b>Experimente la energ\u00eda del Carnaval de Belice<\/b><\/p>\t\t\t\t\t\t\t\t<\/div>\n\t\t\t\t<\/div>\n\t\t\t\t<div class=\"elementor-element elementor-element-8e8048f elementor-widget__width-initial elementor-widget elementor-widget-text-editor\" data-id=\"8e8048f\" data-element_type=\"widget\" data-e-type=\"widget\" data-widget_type=\"text-editor.default\">\n\t\t\t\t<div class=\"elementor-widget-container\">\n\t\t\t\t\t\t\t\t\t<p><span style=\"font-weight: 400;\">Uno de los aspectos m\u00e1s destacados de septiembre es el Carnaval de Belice.<\/span><span style=\"font-weight: 400;\"><br\/><\/span><span style=\"font-weight: 400;\"><br\/><\/span><span style=\"font-weight: 400;\"> En 2026, el espectacular desfile Carnival Roadmarch tendr\u00e1 lugar el 5 de septiembre en la Ciudad de Belice, con deslumbrantes mas bands, celebraciones de J&#8217;ouvert de madrugada, en\u00e9rgicas fiestas callejeras, disfraces elaborados y ritmos ininterrumpidos de soca y del Caribe.<\/span><span style=\"font-weight: 400;\"><br\/><\/span><span style=\"font-weight: 400;\"><br\/><\/span><span style=\"font-weight: 400;\"> Miles de espectadores bordean las calles mientras los artistas bailan por la ciudad con colores brillantes. El ambiente es el\u00e9ctrico y acogedor, lo que convierte al Carnaval en una de las experiencias culturales m\u00e1s inolvidables del pa\u00eds.<\/span><\/p>\t\t\t\t\t\t\t\t<\/div>\n\t\t\t\t<\/div>\n\t\t\t\t<\/div>\n\t\t\t\t\t<\/div>\n\t\t\t\t<\/div>\n\t\t<div class=\"elementor-element elementor-element-0bce0ea e-flex e-con-boxed e-con e-parent\" data-id=\"0bce0ea\" data-element_type=\"container\" data-e-type=\"container\" data-settings=\"{&quot;jet_parallax_layout_list&quot;:[]}\">\n\t\t\t\t\t<div class=\"e-con-inner\">\n\t\t<div class=\"elementor-element elementor-element-b3e3d79 e-con-full e-flex e-con e-child\" data-id=\"b3e3d79\" data-element_type=\"container\" data-e-type=\"container\" data-settings=\"{&quot;jet_parallax_layout_list&quot;:[]}\">\n\t\t\t\t<div class=\"elementor-element elementor-element-70f14c0 elementor-widget__width-initial elementor-widget elementor-widget-text-editor\" data-id=\"70f14c0\" data-element_type=\"widget\" data-e-type=\"widget\" data-widget_type=\"text-editor.default\">\n\t\t\t\t<div class=\"elementor-widget-container\">\n\t\t\t\t\t\t\t\t\t<p><b>M\u00e1s all\u00e1 de las celebraciones: septiembre sigue siendo el momento perfecto para explorar<\/b><\/p>\t\t\t\t\t\t\t\t<\/div>\n\t\t\t\t<\/div>\n\t\t\t\t<div class=\"elementor-element elementor-element-936b79e elementor-widget__width-initial elementor-widget elementor-widget-text-editor\" data-id=\"936b79e\" data-element_type=\"widget\" data-e-type=\"widget\" data-widget_type=\"text-editor.default\">\n\t\t\t\t<div class=\"elementor-widget-container\">\n\t\t\t\t\t\t\t\t\t<p><span style=\"font-weight: 400;\">Septiembre es tambi\u00e9n un momento excelente para experimentar la belleza natural de Belice. Los paisajes son exuberantes, las cascadas fluyen y la vida silvestre es abundante. <\/span><span style=\"font-weight: 400;\"><br><\/span><span style=\"font-weight: 400;\"><br><\/span><span style=\"font-weight: 400;\">  Explore la legendaria cueva ATM, una de las mayores aventuras en cuevas del mundo, o flote a trav\u00e9s de antiguos sistemas de cuevas en una relajante excursi\u00f3n de cave tubing.<\/span><span style=\"font-weight: 400;\"><br><\/span><span style=\"font-weight: 400;\"><br><\/span><span style=\"font-weight: 400;\">  Los amantes de la naturaleza tambi\u00e9n deber\u00edan visitar el Santuario de Vida Silvestre Cockscomb Basin, la primera reserva de jaguares del mundo, donde los senderos, las cascadas, las aves tropicales y el paisaje selv\u00e1tico crean una aventura inolvidable.<\/span><span style=\"font-weight: 400;\"><br><\/span><span style=\"font-weight: 400;\"><br><\/span><span style=\"font-weight: 400;\">  Estas experiencias combinan a la perfecci\u00f3n con una estancia en The Rainforest Lodge at Sleeping Giant, situando las aventuras de interior m\u00e1s ic\u00f3nicas de Belice a su alcance.<\/span><\/p>\t\t\t\t\t\t\t\t<\/div>\n\t\t\t\t<\/div>\n\t\t\t\t<\/div>\n\t\t<div class=\"elementor-element elementor-element-3cbe241 e-con-full e-flex e-con e-child\" data-id=\"3cbe241\" data-element_type=\"container\" data-e-type=\"container\" data-settings=\"{&quot;background_background&quot;:&quot;classic&quot;,&quot;jet_parallax_layout_list&quot;:[]}\">\n\t\t\t\t<div class=\"elementor-element elementor-element-a33a346 elementor-widget elementor-widget-spacer\" data-id=\"a33a346\" data-element_type=\"widget\" data-e-type=\"widget\" data-widget_type=\"spacer.default\">\n\t\t\t\t<div class=\"elementor-widget-container\">\n\t\t\t\t\t\t\t<div class=\"elementor-spacer\">\n\t\t\t<div class=\"elementor-spacer-inner\"><\/div>\n\t\t<\/div>\n\t\t\t\t\t\t<\/div>\n\t\t\t\t<\/div>\n\t\t\t\t<\/div>\n\t\t\t\t\t<\/div>\n\t\t\t\t<\/div>\n\t\t<div class=\"elementor-element elementor-element-5306e18 e-flex e-con-boxed e-con e-parent\" data-id=\"5306e18\" data-element_type=\"container\" data-e-type=\"container\" data-settings=\"{&quot;jet_parallax_layout_list&quot;:[]}\">\n\t\t\t\t\t<div class=\"e-con-inner\">\n\t\t<div class=\"elementor-element elementor-element-d20b1a1 e-con-full e-flex e-con e-child\" data-id=\"d20b1a1\" data-element_type=\"container\" data-e-type=\"container\" data-settings=\"{&quot;background_background&quot;:&quot;classic&quot;,&quot;jet_parallax_layout_list&quot;:[]}\">\n\t\t\t\t<div class=\"elementor-element elementor-element-54dcd84 elementor-widget elementor-widget-spacer\" data-id=\"54dcd84\" data-element_type=\"widget\" data-e-type=\"widget\" data-widget_type=\"spacer.default\">\n\t\t\t\t<div class=\"elementor-widget-container\">\n\t\t\t\t\t\t\t<div class=\"elementor-spacer\">\n\t\t\t<div class=\"elementor-spacer-inner\"><\/div>\n\t\t<\/div>\n\t\t\t\t\t\t<\/div>\n\t\t\t\t<\/div>\n\t\t\t\t<\/div>\n\t\t<div class=\"elementor-element elementor-element-8e0c029 e-con-full e-flex e-con e-child\" data-id=\"8e0c029\" data-element_type=\"container\" data-e-type=\"container\" data-settings=\"{&quot;jet_parallax_layout_list&quot;:[]}\">\n\t\t\t\t<div class=\"elementor-element elementor-element-15eb489 elementor-widget__width-initial elementor-widget elementor-widget-text-editor\" data-id=\"15eb489\" data-element_type=\"widget\" data-e-type=\"widget\" data-widget_type=\"text-editor.default\">\n\t\t\t\t<div class=\"elementor-widget-container\">\n\t\t\t\t\t\t\t\t\t<p><b>Celebre a lo largo de la hermosa costa de Belice<\/b><\/p>\t\t\t\t\t\t\t\t<\/div>\n\t\t\t\t<\/div>\n\t\t\t\t<div class=\"elementor-element elementor-element-ca27e58 elementor-widget__width-initial elementor-widget elementor-widget-text-editor\" data-id=\"ca27e58\" data-element_type=\"widget\" data-e-type=\"widget\" data-widget_type=\"text-editor.default\">\n\t\t\t\t<div class=\"elementor-widget-container\">\n\t\t\t\t\t\t\t\t\t<p><span style=\"font-weight: 400;\">El sur de Belice equilibra perfectamente las celebraciones culturales con la relajaci\u00f3n tropical.<\/span><span style=\"font-weight: 400;\"><br><\/span><span style=\"font-weight: 400;\"><br><\/span><span style=\"font-weight: 400;\">  Los hu\u00e9spedes de The Lodge at Jaguar Reef pueden combinar la relajaci\u00f3n frente al mar con experiencias culturales gar\u00edfunas y un f\u00e1cil acceso a Cockscomb Basin.<\/span><span style=\"font-weight: 400;\"><br><\/span><span style=\"font-weight: 400;\"><br><\/span><span style=\"font-weight: 400;\">  En Umaya Resort &#038; Adventures, los visitantes pueden disfrutar de las playas de Placencia, remar en la laguna, hacer esn\u00f3rquel en la Barrera del Arrecife de Belice y vivir las festividades locales de septiembre.<\/span><span style=\"font-weight: 400;\"><br><\/span><span style=\"font-weight: 400;\"><br><\/span><span style=\"font-weight: 400;\">  Despu\u00e9s de las celebraciones, desconecte junto al r\u00edo en The Banks Resort o esc\u00e1pese a Blue Reef Island para un retiro tranquilo en una isla privada rodeada de las aguas turquesas del Caribe.<\/span><\/p>\t\t\t\t\t\t\t\t<\/div>\n\t\t\t\t<\/div>\n\t\t\t\t<\/div>\n\t\t\t\t\t<\/div>\n\t\t\t\t<\/div>\n\t\t<div class=\"elementor-element elementor-element-d9f8eb3 e-flex e-con-boxed e-con e-parent\" data-id=\"d9f8eb3\" data-element_type=\"container\" data-e-type=\"container\" data-settings=\"{&quot;jet_parallax_layout_list&quot;:[]}\">\n\t\t\t\t\t<div class=\"e-con-inner\">\n\t\t<div class=\"elementor-element elementor-element-912be25 e-con-full e-flex e-con e-child\" data-id=\"912be25\" data-element_type=\"container\" data-e-type=\"container\" data-settings=\"{&quot;jet_parallax_layout_list&quot;:[]}\">\n\t\t\t\t<div class=\"elementor-element elementor-element-fdd7802 elementor-widget__width-initial elementor-widget elementor-widget-text-editor\" data-id=\"fdd7802\" data-element_type=\"widget\" data-e-type=\"widget\" data-widget_type=\"text-editor.default\">\n\t\t\t\t<div class=\"elementor-widget-container\">\n\t\t\t\t\t\t\t\t\t<p><b>\u00bfC\u00f3mo es el clima en septiembre?<\/b><\/p>\t\t\t\t\t\t\t\t<\/div>\n\t\t\t\t<\/div>\n\t\t\t\t<div class=\"elementor-element elementor-element-4280f7b elementor-widget__width-initial elementor-widget elementor-widget-text-editor\" data-id=\"4280f7b\" data-element_type=\"widget\" data-e-type=\"widget\" data-widget_type=\"text-editor.default\">\n\t\t\t\t<div class=\"elementor-widget-container\">\n\t\t\t\t\t\t\t\t\t<p><span style=\"font-weight: 400;\">Septiembre es c\u00e1lido, tropical y bellamente verde. Las temperaturas diurnas promedio oscilan entre 27 y 31 \u00b0C (80-88 \u00b0F). Aunque son posibles breves chubascos tropicales, a menudo les sigue el sol, dejando las selvas vibrantes y los paisajes incre\u00edblemente fotog\u00e9nicos.  <\/span><\/p>\t\t\t\t\t\t\t\t<\/div>\n\t\t\t\t<\/div>\n\t\t\t\t<\/div>\n\t\t<div class=\"elementor-element elementor-element-59767cb e-con-full e-flex e-con e-child\" data-id=\"59767cb\" data-element_type=\"container\" data-e-type=\"container\" data-settings=\"{&quot;background_background&quot;:&quot;classic&quot;,&quot;jet_parallax_layout_list&quot;:[]}\">\n\t\t\t\t<div class=\"elementor-element elementor-element-f54c67b elementor-widget elementor-widget-spacer\" data-id=\"f54c67b\" data-element_type=\"widget\" data-e-type=\"widget\" data-widget_type=\"spacer.default\">\n\t\t\t\t<div class=\"elementor-widget-container\">\n\t\t\t\t\t\t\t<div class=\"elementor-spacer\">\n\t\t\t<div class=\"elementor-spacer-inner\"><\/div>\n\t\t<\/div>\n\t\t\t\t\t\t<\/div>\n\t\t\t\t<\/div>\n\t\t\t\t<\/div>\n\t\t\t\t\t<\/div>\n\t\t\t\t<\/div>\n\t\t<div class=\"elementor-element elementor-element-dc97834 e-flex e-con-boxed e-con e-parent\" data-id=\"dc97834\" data-element_type=\"container\" data-e-type=\"container\" data-settings=\"{&quot;jet_parallax_layout_list&quot;:[]}\">\n\t\t\t\t\t<div class=\"e-con-inner\">\n\t\t<div class=\"elementor-element elementor-element-f13892f e-con-full e-flex e-con e-child\" data-id=\"f13892f\" data-element_type=\"container\" data-e-type=\"container\" data-settings=\"{&quot;background_background&quot;:&quot;classic&quot;,&quot;jet_parallax_layout_list&quot;:[]}\">\n\t\t\t\t<div class=\"elementor-element elementor-element-b3a7278 elementor-widget elementor-widget-spacer\" data-id=\"b3a7278\" data-element_type=\"widget\" data-e-type=\"widget\" data-widget_type=\"spacer.default\">\n\t\t\t\t<div class=\"elementor-widget-container\">\n\t\t\t\t\t\t\t<div class=\"elementor-spacer\">\n\t\t\t<div class=\"elementor-spacer-inner\"><\/div>\n\t\t<\/div>\n\t\t\t\t\t\t<\/div>\n\t\t\t\t<\/div>\n\t\t\t\t<\/div>\n\t\t<div class=\"elementor-element elementor-element-5c34bc4 e-con-full e-flex e-con e-child\" data-id=\"5c34bc4\" data-element_type=\"container\" data-e-type=\"container\" data-settings=\"{&quot;jet_parallax_layout_list&quot;:[]}\">\n\t\t\t\t<div class=\"elementor-element elementor-element-5e45ea7 elementor-widget__width-initial elementor-widget elementor-widget-text-editor\" data-id=\"5e45ea7\" data-element_type=\"widget\" data-e-type=\"widget\" data-widget_type=\"text-editor.default\">\n\t\t\t\t<div class=\"elementor-widget-container\">\n\t\t\t\t\t\t\t\t\t<p><b>Qu\u00e9 llevar en su maleta para sus vacaciones de septiembre<\/b><\/p>\t\t\t\t\t\t\t\t<\/div>\n\t\t\t\t<\/div>\n\t\t\t\t<div class=\"elementor-element elementor-element-19393a6 elementor-widget__width-initial elementor-widget elementor-widget-text-editor\" data-id=\"19393a6\" data-element_type=\"widget\" data-e-type=\"widget\" data-widget_type=\"text-editor.default\">\n\t\t\t\t<div class=\"elementor-widget-container\">\n\t\t\t\t\t\t\t\t\t<p><span style=\"font-weight: 400;\">Lleve ropa ligera, trajes de ba\u00f1o, sandalias, calzado c\u00f3modo para caminar, protector solar, gafas de sol, una botella de agua reutilizable, repelente de insectos y un chubasquero ligero. No olvide su c\u00e1mara: querr\u00e1 capturarlo todo, desde los coloridos disfraces de Carnaval hasta las espectaculares puestas de sol caribe\u00f1as. <\/span><\/p>\t\t\t\t\t\t\t\t<\/div>\n\t\t\t\t<\/div>\n\t\t\t\t<\/div>\n\t\t\t\t\t<\/div>\n\t\t\t\t<\/div>\n\t\t<div class=\"elementor-element elementor-element-29b9556 e-flex e-con-boxed e-con e-parent\" data-id=\"29b9556\" data-element_type=\"container\" data-e-type=\"container\" data-settings=\"{&quot;jet_parallax_layout_list&quot;:[]}\">\n\t\t\t\t\t<div class=\"e-con-inner\">\n\t\t<div class=\"elementor-element elementor-element-95e4b34 e-con-full e-flex e-con e-child\" data-id=\"95e4b34\" data-element_type=\"container\" data-e-type=\"container\" data-settings=\"{&quot;jet_parallax_layout_list&quot;:[]}\">\n\t\t\t\t<div class=\"elementor-element elementor-element-27bd4a1 elementor-widget__width-initial elementor-widget elementor-widget-text-editor\" data-id=\"27bd4a1\" data-element_type=\"widget\" data-e-type=\"widget\" data-widget_type=\"text-editor.default\">\n\t\t\t\t<div class=\"elementor-widget-container\">\n\t\t\t\t\t\t\t\t\t<p><b>Pruebe los sabores de septiembre<\/b><\/p>\t\t\t\t\t\t\t\t<\/div>\n\t\t\t\t<\/div>\n\t\t\t\t<div class=\"elementor-element elementor-element-31bb964 elementor-widget__width-initial elementor-widget elementor-widget-text-editor\" data-id=\"31bb964\" data-element_type=\"widget\" data-e-type=\"widget\" data-widget_type=\"text-editor.default\">\n\t\t\t\t<div class=\"elementor-widget-container\">\n\t\t\t\t\t\t\t\t\t<p><span style=\"font-weight: 400;\">Disfrute de los favoritos belice\u00f1os, incluyendo fry jacks, arroz con frijoles y pollo guisado, salbutes, garnaches, marisco fresco y la especialidad gar\u00edfuna hudut. Acompa\u00f1e su comida con zumos tropicales o un c\u00f3ctel de ron belice\u00f1o mientras disfruta de m\u00fasica en directo y celebraciones festivas. <\/span><\/p>\t\t\t\t\t\t\t\t<\/div>\n\t\t\t\t<\/div>\n\t\t\t\t<\/div>\n\t\t<div class=\"elementor-element elementor-element-1daad16 e-con-full e-flex e-con e-child\" data-id=\"1daad16\" data-element_type=\"container\" data-e-type=\"container\" data-settings=\"{&quot;background_background&quot;:&quot;classic&quot;,&quot;jet_parallax_layout_list&quot;:[]}\">\n\t\t\t\t<div class=\"elementor-element elementor-element-0cf5e6d elementor-widget elementor-widget-spacer\" data-id=\"0cf5e6d\" data-element_type=\"widget\" data-e-type=\"widget\" data-widget_type=\"spacer.default\">\n\t\t\t\t<div class=\"elementor-widget-container\">\n\t\t\t\t\t\t\t<div class=\"elementor-spacer\">\n\t\t\t<div class=\"elementor-spacer-inner\"><\/div>\n\t\t<\/div>\n\t\t\t\t\t\t<\/div>\n\t\t\t\t<\/div>\n\t\t\t\t<\/div>\n\t\t\t\t\t<\/div>\n\t\t\t\t<\/div>\n\t\t<div class=\"elementor-element elementor-element-797efbe e-flex e-con-boxed e-con e-parent\" data-id=\"797efbe\" data-element_type=\"container\" data-e-type=\"container\" data-settings=\"{&quot;jet_parallax_layout_list&quot;:[]}\">\n\t\t\t\t\t<div class=\"e-con-inner\">\n\t\t<div class=\"elementor-element elementor-element-89cb3af e-con-full e-flex e-con e-child\" data-id=\"89cb3af\" data-element_type=\"container\" data-e-type=\"container\" data-settings=\"{&quot;jet_parallax_layout_list&quot;:[]}\">\n\t\t\t\t<div class=\"elementor-element elementor-element-29f7dc2 elementor-widget__width-initial elementor-widget elementor-widget-text-editor\" data-id=\"29f7dc2\" data-element_type=\"widget\" data-e-type=\"widget\" data-widget_type=\"text-editor.default\">\n\t\t\t\t<div class=\"elementor-widget-container\">\n\t\t\t\t\t\t\t\t\t<p><b>Descubra el coraz\u00f3n de Belice<\/b><\/p>\t\t\t\t\t\t\t\t<\/div>\n\t\t\t\t<\/div>\n\t\t\t\t<div class=\"elementor-element elementor-element-354fa6b elementor-widget__width-initial elementor-widget elementor-widget-text-editor\" data-id=\"354fa6b\" data-element_type=\"widget\" data-e-type=\"widget\" data-widget_type=\"text-editor.default\">\n\t\t\t\t<div class=\"elementor-widget-container\">\n\t\t\t\t\t\t\t\t\t<p><span style=\"font-weight: 400;\">Septiembre es m\u00e1s que una celebraci\u00f3n: es cuando Belice comparte con orgullo su historia, cultura, tradiciones y hospitalidad con el mundo.<\/span><span style=\"font-weight: 400;\"><br\/><\/span><span style=\"font-weight: 400;\"><br\/><\/span><span style=\"font-weight: 400;\"> Ya sea que elija explorar cuevas antiguas, relajarse en The Lodge at Jaguar Reef, remar en la laguna en Umaya Resort &#038; Adventures, reconectar con la naturaleza en The Rainforest Lodge at Sleeping Giant, descansar junto al r\u00edo en The Banks Resort o escaparse a Blue Reef Island, descubrir\u00e1 r\u00e1pidamente por qu\u00e9 septiembre es una de las \u00e9pocas m\u00e1s gratificantes para visitar Belice.<\/span><span style=\"font-weight: 400;\"><br\/><\/span><span style=\"font-weight: 400;\"><br\/><\/span><span style=\"font-weight: 400;\"> Venga por las celebraciones. Qu\u00e9dese por la aventura. M\u00e1rchese con recuerdos y un poco del esp\u00edritu belice\u00f1o que permanecer\u00e1 con usted mucho despu\u00e9s de que termine septiembre.<\/span><\/p>\t\t\t\t\t\t\t\t<\/div>\n\t\t\t\t<\/div>\n\t\t\t\t<\/div>\n\t\t\t\t\t<\/div>\n\t\t\t\t<\/div>\n\t\t<div class=\"elementor-element elementor-element-ed5d3d6 e-flex e-con-boxed e-con e-parent\" data-id=\"ed5d3d6\" data-element_type=\"container\" data-e-type=\"container\" data-settings=\"{&quot;jet_parallax_layout_list&quot;:[]}\">\n\t\t\t\t\t<div class=\"e-con-inner\">\n\t\t\t\t<div class=\"elementor-element elementor-element-ed1d826 elementor-widget elementor-widget-spacer\" data-id=\"ed1d826\" data-element_type=\"widget\" data-e-type=\"widget\" data-widget_type=\"spacer.default\">\n\t\t\t\t<div class=\"elementor-widget-container\">\n\t\t\t\t\t\t\t<div class=\"elementor-spacer\">\n\t\t\t<div class=\"elementor-spacer-inner\"><\/div>\n\t\t<\/div>\n\t\t\t\t\t\t<\/div>\n\t\t\t\t<\/div>\n\t\t\t\t\t<\/div>\n\t\t\t\t<\/div>\n\t\t\t\t<\/div>\n\t\t","protected":false},"excerpt":{"rendered":"<p>Si hay un mes que captura el coraz\u00f3n y el alma de Belice, es septiembre. Aunque muchos viajeros asocian Belice con aguas turquesas, antiguos templos mayas y selvas exuberantes, septiembre revela otra cara del pa\u00eds: una llena de m\u00fasica, patriotismo, desfiles coloridos, tradiciones culturales y comunidades que se unen para celebrar lo que significa ser belice\u00f1o.  <\/p>\n<p>  Por todo el pa\u00eds, las calles se decoran de rojo, blanco y azul. El sonido de los tambores resuena en pueblos y ciudades, las banderas ondean con orgullo en hogares y negocios, y las familias se re\u00fanen para celebrar dos de las festividades m\u00e1s importantes de la naci\u00f3n. <\/p>\n","protected":false},"author":1013,"featured_media":25071,"comment_status":"closed","ping_status":"closed","sticky":false,"template":"elementor_header_footer","format":"standard","meta":{"_acf_changed":false,"_jetpack_newsletter_access":"","_jetpack_dont_email_post_to_subs":false,"_jetpack_newsletter_tier_id":0,"_jetpack_memberships_contains_paywalled_content":false,"_jetpack_feature_clip_id":0,"_jetpack_memberships_contains_paid_content":false,"footnotes":"","jetpack_post_was_ever_published":false},"categories":[1090],"tags":[],"class_list":["post-25066","post","type-post","status-publish","format-standard","has-post-thumbnail","hentry","category-blog"],"acf":[],"yoast_head":"<!-- This site is optimized with the Yoast SEO plugin v28.3 - https:\/\/yoast.com\/product\/yoast-seo-wordpress\/ -->\n<title>Septiembre en Belice: su gu\u00eda completa de celebraciones, carnaval y el mes de la independencia - The Rainforest Lodge at Sleeping Giant<\/title>\n<meta name=\"robots\" content=\"index, follow, max-snippet:-1, max-image-preview:large, max-video-preview:-1\" \/>\n<link rel=\"canonical\" href=\"https:\/\/www.sleepinggiantbelize.com\/2026\/08\/14\/september-in-belize-your-complete-guide-to-celebrations-carnival-independence-month\/\" \/>\n<meta property=\"og:locale\" content=\"es_ES\" \/>\n<meta property=\"og:type\" content=\"article\" \/>\n<meta property=\"og:title\" content=\"Septiembre en Belice: su gu\u00eda completa de celebraciones, carnaval y el mes de la independencia - The Rainforest Lodge at Sleeping Giant\" \/>\n<meta property=\"og:description\" content=\"Si hay un mes que captura el coraz\u00f3n y el alma de Belice, es septiembre. Aunque muchos viajeros asocian Belice con aguas turquesas, antiguos templos mayas y selvas exuberantes, septiembre revela otra cara del pa\u00eds: una llena de m\u00fasica, patriotismo, desfiles coloridos, tradiciones culturales y comunidades que se unen para celebrar lo que significa ser belice\u00f1o.   Por todo el pa\u00eds, las calles se decoran de rojo, blanco y azul. El sonido de los tambores resuena en pueblos y ciudades, las banderas ondean con orgullo en hogares y negocios, y las familias se re\u00fanen para celebrar dos de las festividades m\u00e1s importantes de la naci\u00f3n.\" \/>\n<meta property=\"og:url\" content=\"https:\/\/www.sleepinggiantbelize.com\/2026\/08\/14\/september-in-belize-your-complete-guide-to-celebrations-carnival-independence-month\/\" \/>\n<meta property=\"og:site_name\" content=\"The Rainforest Lodge at Sleeping Giant\" \/>\n<meta property=\"article:published_time\" content=\"2026-08-14T22:26:26+00:00\" \/>\n<meta property=\"article:modified_time\" content=\"2026-08-14T22:30:34+00:00\" \/>\n<meta property=\"og:image\" content=\"https:\/\/www.sleepinggiantbelize.com\/wp-content\/uploads\/2026\/08\/IMG_9381.jpg\" \/>\n\t<meta property=\"og:image:width\" content=\"2048\" \/>\n\t<meta property=\"og:image:height\" content=\"1365\" \/>\n\t<meta property=\"og:image:type\" content=\"image\/jpeg\" \/>\n<meta name=\"author\" content=\"Marshall Choco\" \/>\n<meta name=\"twitter:card\" content=\"summary_large_image\" \/>\n<meta name=\"twitter:label1\" content=\"Escrito por\" \/>\n\t<meta name=\"twitter:data1\" content=\"Marshall Choco\" \/>\n\t<meta name=\"twitter:label2\" content=\"Tiempo de lectura\" \/>\n\t<meta name=\"twitter:data2\" content=\"7 minutos\" \/>\n<script type=\"application\/ld+json\" class=\"yoast-schema-graph\">{\"@context\":\"https:\\\/\\\/schema.org\",\"@graph\":[{\"@type\":\"Article\",\"@id\":\"https:\\\/\\\/www.sleepinggiantbelize.com\\\/2026\\\/08\\\/14\\\/september-in-belize-your-complete-guide-to-celebrations-carnival-independence-month\\\/#article\",\"isPartOf\":{\"@id\":\"https:\\\/\\\/www.sleepinggiantbelize.com\\\/2026\\\/08\\\/14\\\/september-in-belize-your-complete-guide-to-celebrations-carnival-independence-month\\\/\"},\"author\":{\"name\":\"Marshall Choco\",\"@id\":\"https:\\\/\\\/www.sleepinggiantbelize.com\\\/#\\\/schema\\\/person\\\/b7df19ef367292ae1ad17d503781fa28\"},\"headline\":\"Septiembre en Belice: su gu\u00eda completa de celebraciones, carnaval y el mes de la independencia\",\"datePublished\":\"2026-08-14T22:26:26+00:00\",\"dateModified\":\"2026-08-14T22:30:34+00:00\",\"mainEntityOfPage\":{\"@id\":\"https:\\\/\\\/www.sleepinggiantbelize.com\\\/2026\\\/08\\\/14\\\/september-in-belize-your-complete-guide-to-celebrations-carnival-independence-month\\\/\"},\"wordCount\":1381,\"image\":{\"@id\":\"https:\\\/\\\/www.sleepinggiantbelize.com\\\/2026\\\/08\\\/14\\\/september-in-belize-your-complete-guide-to-celebrations-carnival-independence-month\\\/#primaryimage\"},\"thumbnailUrl\":\"https:\\\/\\\/www.sleepinggiantbelize.com\\\/wp-content\\\/uploads\\\/2026\\\/08\\\/IMG_9381.jpg\",\"articleSection\":[\"Blog\"],\"inLanguage\":\"es\"},{\"@type\":\"WebPage\",\"@id\":\"https:\\\/\\\/www.sleepinggiantbelize.com\\\/2026\\\/08\\\/14\\\/september-in-belize-your-complete-guide-to-celebrations-carnival-independence-month\\\/\",\"url\":\"https:\\\/\\\/www.sleepinggiantbelize.com\\\/2026\\\/08\\\/14\\\/september-in-belize-your-complete-guide-to-celebrations-carnival-independence-month\\\/\",\"name\":\"Septiembre en Belice: su gu\u00eda completa de celebraciones, carnaval y el mes de la independencia - The Rainforest Lodge at Sleeping Giant\",\"isPartOf\":{\"@id\":\"https:\\\/\\\/www.sleepinggiantbelize.com\\\/#website\"},\"primaryImageOfPage\":{\"@id\":\"https:\\\/\\\/www.sleepinggiantbelize.com\\\/2026\\\/08\\\/14\\\/september-in-belize-your-complete-guide-to-celebrations-carnival-independence-month\\\/#primaryimage\"},\"image\":{\"@id\":\"https:\\\/\\\/www.sleepinggiantbelize.com\\\/2026\\\/08\\\/14\\\/september-in-belize-your-complete-guide-to-celebrations-carnival-independence-month\\\/#primaryimage\"},\"thumbnailUrl\":\"https:\\\/\\\/www.sleepinggiantbelize.com\\\/wp-content\\\/uploads\\\/2026\\\/08\\\/IMG_9381.jpg\",\"datePublished\":\"2026-08-14T22:26:26+00:00\",\"dateModified\":\"2026-08-14T22:30:34+00:00\",\"author\":{\"@id\":\"https:\\\/\\\/www.sleepinggiantbelize.com\\\/#\\\/schema\\\/person\\\/b7df19ef367292ae1ad17d503781fa28\"},\"breadcrumb\":{\"@id\":\"https:\\\/\\\/www.sleepinggiantbelize.com\\\/2026\\\/08\\\/14\\\/september-in-belize-your-complete-guide-to-celebrations-carnival-independence-month\\\/#breadcrumb\"},\"inLanguage\":\"es\",\"potentialAction\":[{\"@type\":\"ReadAction\",\"target\":[\"https:\\\/\\\/www.sleepinggiantbelize.com\\\/2026\\\/08\\\/14\\\/september-in-belize-your-complete-guide-to-celebrations-carnival-independence-month\\\/\"]}]},{\"@type\":\"ImageObject\",\"inLanguage\":\"es\",\"@id\":\"https:\\\/\\\/www.sleepinggiantbelize.com\\\/2026\\\/08\\\/14\\\/september-in-belize-your-complete-guide-to-celebrations-carnival-independence-month\\\/#primaryimage\",\"url\":\"https:\\\/\\\/www.sleepinggiantbelize.com\\\/wp-content\\\/uploads\\\/2026\\\/08\\\/IMG_9381.jpg\",\"contentUrl\":\"https:\\\/\\\/www.sleepinggiantbelize.com\\\/wp-content\\\/uploads\\\/2026\\\/08\\\/IMG_9381.jpg\",\"width\":2048,\"height\":1365},{\"@type\":\"BreadcrumbList\",\"@id\":\"https:\\\/\\\/www.sleepinggiantbelize.com\\\/2026\\\/08\\\/14\\\/september-in-belize-your-complete-guide-to-celebrations-carnival-independence-month\\\/#breadcrumb\",\"itemListElement\":[{\"@type\":\"ListItem\",\"position\":1,\"name\":\"Home\",\"item\":\"https:\\\/\\\/www.sleepinggiantbelize.com\\\/\"},{\"@type\":\"ListItem\",\"position\":2,\"name\":\"Septiembre en Belice: su gu\u00eda completa de celebraciones, carnaval y el mes de la independencia\"}]},{\"@type\":\"WebSite\",\"@id\":\"https:\\\/\\\/www.sleepinggiantbelize.com\\\/#website\",\"url\":\"https:\\\/\\\/www.sleepinggiantbelize.com\\\/\",\"name\":\"The Rainforest Lodge at Sleeping Giant\",\"description\":\"The Most Complete Vacation Destination in Belize\",\"potentialAction\":[{\"@type\":\"SearchAction\",\"target\":{\"@type\":\"EntryPoint\",\"urlTemplate\":\"https:\\\/\\\/www.sleepinggiantbelize.com\\\/?s={search_term_string}\"},\"query-input\":{\"@type\":\"PropertyValueSpecification\",\"valueRequired\":true,\"valueName\":\"search_term_string\"}}],\"inLanguage\":\"es\"},{\"@type\":\"Person\",\"@id\":\"https:\\\/\\\/www.sleepinggiantbelize.com\\\/#\\\/schema\\\/person\\\/b7df19ef367292ae1ad17d503781fa28\",\"name\":\"Marshall Choco\",\"image\":{\"@type\":\"ImageObject\",\"inLanguage\":\"es\",\"@id\":\"https:\\\/\\\/secure.gravatar.com\\\/avatar\\\/006f48dc984367428c6cf59355e710e15b02fcd5c3e5bdb79301f78271b3d66b?s=96&d=mm&r=g\",\"url\":\"https:\\\/\\\/secure.gravatar.com\\\/avatar\\\/006f48dc984367428c6cf59355e710e15b02fcd5c3e5bdb79301f78271b3d66b?s=96&d=mm&r=g\",\"contentUrl\":\"https:\\\/\\\/secure.gravatar.com\\\/avatar\\\/006f48dc984367428c6cf59355e710e15b02fcd5c3e5bdb79301f78271b3d66b?s=96&d=mm&r=g\",\"caption\":\"Marshall Choco\"},\"url\":\"https:\\\/\\\/www.sleepinggiantbelize.com\\\/es\\\/author\\\/marshall\\\/\"}]}<\/script>\n<!-- \/ Yoast SEO plugin. -->","yoast_head_json":{"title":"Septiembre en Belice: su gu\u00eda completa de celebraciones, carnaval y el mes de la independencia - The Rainforest Lodge at Sleeping Giant","robots":{"index":"index","follow":"follow","max-snippet":"max-snippet:-1","max-image-preview":"max-image-preview:large","max-video-preview":"max-video-preview:-1"},"canonical":"https:\/\/www.sleepinggiantbelize.com\/2026\/08\/14\/september-in-belize-your-complete-guide-to-celebrations-carnival-independence-month\/","og_locale":"es_ES","og_type":"article","og_title":"Septiembre en Belice: su gu\u00eda completa de celebraciones, carnaval y el mes de la independencia - The Rainforest Lodge at Sleeping Giant","og_description":"Si hay un mes que captura el coraz\u00f3n y el alma de Belice, es septiembre. Aunque muchos viajeros asocian Belice con aguas turquesas, antiguos templos mayas y selvas exuberantes, septiembre revela otra cara del pa\u00eds: una llena de m\u00fasica, patriotismo, desfiles coloridos, tradiciones culturales y comunidades que se unen para celebrar lo que significa ser belice\u00f1o.   Por todo el pa\u00eds, las calles se decoran de rojo, blanco y azul. El sonido de los tambores resuena en pueblos y ciudades, las banderas ondean con orgullo en hogares y negocios, y las familias se re\u00fanen para celebrar dos de las festividades m\u00e1s importantes de la naci\u00f3n.","og_url":"https:\/\/www.sleepinggiantbelize.com\/2026\/08\/14\/september-in-belize-your-complete-guide-to-celebrations-carnival-independence-month\/","og_site_name":"The Rainforest Lodge at Sleeping Giant","article_published_time":"2026-08-14T22:26:26+00:00","article_modified_time":"2026-08-14T22:30:34+00:00","og_image":[{"width":2048,"height":1365,"url":"https:\/\/www.sleepinggiantbelize.com\/wp-content\/uploads\/2026\/08\/IMG_9381.jpg","type":"image\/jpeg"}],"author":"Marshall Choco","twitter_card":"summary_large_image","twitter_misc":{"Escrito por":"Marshall Choco","Tiempo de lectura":"7 minutos"},"schema":{"@context":"https:\/\/schema.org","@graph":[{"@type":"Article","@id":"https:\/\/www.sleepinggiantbelize.com\/2026\/08\/14\/september-in-belize-your-complete-guide-to-celebrations-carnival-independence-month\/#article","isPartOf":{"@id":"https:\/\/www.sleepinggiantbelize.com\/2026\/08\/14\/september-in-belize-your-complete-guide-to-celebrations-carnival-independence-month\/"},"author":{"name":"Marshall Choco","@id":"https:\/\/www.sleepinggiantbelize.com\/#\/schema\/person\/b7df19ef367292ae1ad17d503781fa28"},"headline":"Septiembre en Belice: su gu\u00eda completa de celebraciones, carnaval y el mes de la independencia","datePublished":"2026-08-14T22:26:26+00:00","dateModified":"2026-08-14T22:30:34+00:00","mainEntityOfPage":{"@id":"https:\/\/www.sleepinggiantbelize.com\/2026\/08\/14\/september-in-belize-your-complete-guide-to-celebrations-carnival-independence-month\/"},"wordCount":1381,"image":{"@id":"https:\/\/www.sleepinggiantbelize.com\/2026\/08\/14\/september-in-belize-your-complete-guide-to-celebrations-carnival-independence-month\/#primaryimage"},"thumbnailUrl":"https:\/\/www.sleepinggiantbelize.com\/wp-content\/uploads\/2026\/08\/IMG_9381.jpg","articleSection":["Blog"],"inLanguage":"es"},{"@type":"WebPage","@id":"https:\/\/www.sleepinggiantbelize.com\/2026\/08\/14\/september-in-belize-your-complete-guide-to-celebrations-carnival-independence-month\/","url":"https:\/\/www.sleepinggiantbelize.com\/2026\/08\/14\/september-in-belize-your-complete-guide-to-celebrations-carnival-independence-month\/","name":"Septiembre en Belice: su gu\u00eda completa de celebraciones, carnaval y el mes de la independencia - The Rainforest Lodge at Sleeping Giant","isPartOf":{"@id":"https:\/\/www.sleepinggiantbelize.com\/#website"},"primaryImageOfPage":{"@id":"https:\/\/www.sleepinggiantbelize.com\/2026\/08\/14\/september-in-belize-your-complete-guide-to-celebrations-carnival-independence-month\/#primaryimage"},"image":{"@id":"https:\/\/www.sleepinggiantbelize.com\/2026\/08\/14\/september-in-belize-your-complete-guide-to-celebrations-carnival-independence-month\/#primaryimage"},"thumbnailUrl":"https:\/\/www.sleepinggiantbelize.com\/wp-content\/uploads\/2026\/08\/IMG_9381.jpg","datePublished":"2026-08-14T22:26:26+00:00","dateModified":"2026-08-14T22:30:34+00:00","author":{"@id":"https:\/\/www.sleepinggiantbelize.com\/#\/schema\/person\/b7df19ef367292ae1ad17d503781fa28"},"breadcrumb":{"@id":"https:\/\/www.sleepinggiantbelize.com\/2026\/08\/14\/september-in-belize-your-complete-guide-to-celebrations-carnival-independence-month\/#breadcrumb"},"inLanguage":"es","potentialAction":[{"@type":"ReadAction","target":["https:\/\/www.sleepinggiantbelize.com\/2026\/08\/14\/september-in-belize-your-complete-guide-to-celebrations-carnival-independence-month\/"]}]},{"@type":"ImageObject","inLanguage":"es","@id":"https:\/\/www.sleepinggiantbelize.com\/2026\/08\/14\/september-in-belize-your-complete-guide-to-celebrations-carnival-independence-month\/#primaryimage","url":"https:\/\/www.sleepinggiantbelize.com\/wp-content\/uploads\/2026\/08\/IMG_9381.jpg","contentUrl":"https:\/\/www.sleepinggiantbelize.com\/wp-content\/uploads\/2026\/08\/IMG_9381.jpg","width":2048,"height":1365},{"@type":"BreadcrumbList","@id":"https:\/\/www.sleepinggiantbelize.com\/2026\/08\/14\/september-in-belize-your-complete-guide-to-celebrations-carnival-independence-month\/#breadcrumb","itemListElement":[{"@type":"ListItem","position":1,"name":"Home","item":"https:\/\/www.sleepinggiantbelize.com\/"},{"@type":"ListItem","position":2,"name":"Septiembre en Belice: su gu\u00eda completa de celebraciones, carnaval y el mes de la independencia"}]},{"@type":"WebSite","@id":"https:\/\/www.sleepinggiantbelize.com\/#website","url":"https:\/\/www.sleepinggiantbelize.com\/","name":"The Rainforest Lodge at Sleeping Giant","description":"The Most Complete Vacation Destination in Belize","potentialAction":[{"@type":"SearchAction","target":{"@type":"EntryPoint","urlTemplate":"https:\/\/www.sleepinggiantbelize.com\/?s={search_term_string}"},"query-input":{"@type":"PropertyValueSpecification","valueRequired":true,"valueName":"search_term_string"}}],"inLanguage":"es"},{"@type":"Person","@id":"https:\/\/www.sleepinggiantbelize.com\/#\/schema\/person\/b7df19ef367292ae1ad17d503781fa28","name":"Marshall Choco","image":{"@type":"ImageObject","inLanguage":"es","@id":"https:\/\/secure.gravatar.com\/avatar\/006f48dc984367428c6cf59355e710e15b02fcd5c3e5bdb79301f78271b3d66b?s=96&d=mm&r=g","url":"https:\/\/secure.gravatar.com\/avatar\/006f48dc984367428c6cf59355e710e15b02fcd5c3e5bdb79301f78271b3d66b?s=96&d=mm&r=g","contentUrl":"https:\/\/secure.gravatar.com\/avatar\/006f48dc984367428c6cf59355e710e15b02fcd5c3e5bdb79301f78271b3d66b?s=96&d=mm&r=g","caption":"Marshall Choco"},"url":"https:\/\/www.sleepinggiantbelize.com\/es\/author\/marshall\/"}]}},"jetpack_sharing_enabled":true,"jetpack_featured_media_url":"https:\/\/www.sleepinggiantbelize.com\/wp-content\/uploads\/2026\/08\/IMG_9381.jpg","_links":{"self":[{"href":"https:\/\/www.sleepinggiantbelize.com\/es\/wp-json\/wp\/v2\/posts\/25066","targetHints":{"allow":["GET"]}}],"collection":[{"href":"https:\/\/www.sleepinggiantbelize.com\/es\/wp-json\/wp\/v2\/posts"}],"about":[{"href":"https:\/\/www.sleepinggiantbelize.com\/es\/wp-json\/wp\/v2\/types\/post"}],"author":[{"embeddable":true,"href":"https:\/\/www.sleepinggiantbelize.com\/es\/wp-json\/wp\/v2\/users\/1013"}],"replies":[{"embeddable":true,"href":"https:\/\/www.sleepinggiantbelize.com\/es\/wp-json\/wp\/v2\/comments?post=25066"}],"version-history":[{"count":2,"href":"https:\/\/www.sleepinggiantbelize.com\/es\/wp-json\/wp\/v2\/posts\/25066\/revisions"}],"predecessor-version":[{"id":25085,"href":"https:\/\/www.sleepinggiantbelize.com\/es\/wp-json\/wp\/v2\/posts\/25066\/revisions\/25085"}],"wp:featuredmedia":[{"embeddable":true,"href":"https:\/\/www.sleepinggiantbelize.com\/es\/wp-json\/wp\/v2\/media\/25071"}],"wp:attachment":[{"href":"https:\/\/www.sleepinggiantbelize.com\/es\/wp-json\/wp\/v2\/media?parent=25066"}],"wp:term":[{"taxonomy":"category","embeddable":true,"href":"https:\/\/www.sleepinggiantbelize.com\/es\/wp-json\/wp\/v2\/categories?post=25066"},{"taxonomy":"post_tag","embeddable":true,"href":"https:\/\/www.sleepinggiantbelize.com\/es\/wp-json\/wp\/v2\/tags?post=25066"}],"curies":[{"name":"wp","href":"https:\/\/api.w.org\/{rel}","templated":true}]}}